{"id":26105,"date":"2022-07-19T22:45:38","date_gmt":"2022-07-19T22:45:38","guid":{"rendered":"https:\/\/blogdorogeriogomes.com.br\/?p=26105"},"modified":"2022-07-20T13:42:40","modified_gmt":"2022-07-20T13:42:40","slug":"prefeitura-de-fortaleza-inicia-aplicacao-da-quarta-dose-contra-covid-19-em-pessoas-a-partir-de-18-anos","status":"publish","type":"post","link":"https:\/\/blogdorogeriogomes.com.br\/noticias\/2022\/07\/prefeitura-de-fortaleza-inicia-aplicacao-da-quarta-dose-contra-covid-19-em-pessoas-a-partir-de-18-anos\/","title":{"rendered":"Prefeitura de Fortaleza inicia aplica\u00e7\u00e3o da quarta dose contra Covid-19 em pessoas a partir de 18 anos"},"content":{"rendered":"\n<p>A Prefeitura de Fortaleza inicia, a partir desta quarta-feira, dia 20 de julho, a aplica\u00e7\u00e3o da quarta dose da vacina contra a Covid-19 para pessoas acima de 18 anos que receberam a terceira dose h\u00e1 pelo menos quatro meses. A aplica\u00e7\u00e3o da dose de refor\u00e7o ser\u00e1 na modalidade de livre demanda, ou seja, sem a necessidade de agendamento pr\u00e9vio.<\/p>\n\n\n\n<p>O acolhimento do p\u00fablico para a quarta dose ocorrer\u00e1 em todos os dias da semana, de 9 \u00e0s 17 horas, nos locais que estiverem realizando vacina\u00e7\u00e3o contra Covid-19, conforme a programa\u00e7\u00e3o di\u00e1ria divulgada no portal da Prefeitura de Fortaleza.&nbsp;Ao comparecer ao centro de vacina\u00e7\u00e3o \u00e9 necess\u00e1rio apresentar documento original de identidade com foto e CPF.<\/p>\n\n\n\n<p>At\u00e9 o in\u00edcio desta semana, 2.405.135 residentes de Fortaleza receberam a primeira dose, 2.285.538 a segunda dose, 1.419.668 a terceira dose e 337.903 a quarta dose.<\/p>\n\n\n\n<figure class=\"wp-block-image size-full\"><img loading=\"lazy\" decoding=\"async\" width=\"679\" height=\"452\" src=\"https:\/\/blogdorogeriogomes.com.br\/wp-content\/uploads\/2022\/07\/images-5.jpeg\" alt=\"\" class=\"wp-image-26106\" srcset=\"https:\/\/blogdorogeriogomes.com.br\/noticias\/wp-content\/uploads\/2022\/07\/images-5.jpeg 679w, https:\/\/blogdorogeriogomes.com.br\/noticias\/wp-content\/uploads\/2022\/07\/images-5-300x200.jpeg 300w\" sizes=\"auto, (max-width: 679px) 100vw, 679px\" \/><\/figure>\n","protected":false},"excerpt":{"rendered":"<p>A Prefeitura de Fortaleza inicia, a partir desta quarta-feira, dia 20 de julho, a aplica\u00e7\u00e3o da quarta dose da vacina contra a Covid-19 para pessoas acima de 18 anos que receberam a terceira dose h\u00e1 pelo menos quatro meses. A aplica\u00e7\u00e3o da dose de refor\u00e7o ser\u00e1 na modalidade de livre demanda, ou seja, sem a necessidade de agendamento pr\u00e9vio. O acolhimento do p\u00fablico para a quarta dose ocorrer\u00e1 em todos os dias da semana, de 9 \u00e0s 17 horas,&hellip;<\/p>\n","protected":false},"author":1,"featured_media":26106,"comment_status":"open","ping_status":"open","sticky":false,"template":"","format":"standard","meta":{"footnotes":""},"categories":[1],"tags":[],"class_list":["post-26105","post","type-post","status-publish","format-standard","has-post-thumbnail","hentry","category-noticias"],"_links":{"self":[{"href":"https:\/\/blogdorogeriogomes.com.br\/noticias\/wp-json\/wp\/v2\/posts\/26105","targetHints":{"allow":["GET"]}}],"collection":[{"href":"https:\/\/blogdorogeriogomes.com.br\/noticias\/wp-json\/wp\/v2\/posts"}],"about":[{"href":"https:\/\/blogdorogeriogomes.com.br\/noticias\/wp-json\/wp\/v2\/types\/post"}],"author":[{"embeddable":true,"href":"https:\/\/blogdorogeriogomes.com.br\/noticias\/wp-json\/wp\/v2\/users\/1"}],"replies":[{"embeddable":true,"href":"https:\/\/blogdorogeriogomes.com.br\/noticias\/wp-json\/wp\/v2\/comments?post=26105"}],"version-history":[{"count":2,"href":"https:\/\/blogdorogeriogomes.com.br\/noticias\/wp-json\/wp\/v2\/posts\/26105\/revisions"}],"predecessor-version":[{"id":26122,"href":"https:\/\/blogdorogeriogomes.com.br\/noticias\/wp-json\/wp\/v2\/posts\/26105\/revisions\/26122"}],"wp:featuredmedia":[{"embeddable":true,"href":"https:\/\/blogdorogeriogomes.com.br\/noticias\/wp-json\/wp\/v2\/media\/26106"}],"wp:attachment":[{"href":"https:\/\/blogdorogeriogomes.com.br\/noticias\/wp-json\/wp\/v2\/media?parent=26105"}],"wp:term":[{"taxonomy":"category","embeddable":true,"href":"https:\/\/blogdorogeriogomes.com.br\/noticias\/wp-json\/wp\/v2\/categories?post=26105"},{"taxonomy":"post_tag","embeddable":true,"href":"https:\/\/blogdorogeriogomes.com.br\/noticias\/wp-json\/wp\/v2\/tags?post=26105"}],"curies":[{"name":"wp","href":"https:\/\/api.w.org\/{rel}","templated":true}]}}