{"id":26108,"date":"2022-07-19T23:23:08","date_gmt":"2022-07-19T23:23:08","guid":{"rendered":"https:\/\/blogdorogeriogomes.com.br\/?p=26108"},"modified":"2022-07-20T13:42:32","modified_gmt":"2022-07-20T13:42:32","slug":"diretorio-estadual-do-pt-decide-romper-alianca-com-pdt-e-negociar-chapa-alternativa-com-partidos-aliados","status":"publish","type":"post","link":"https:\/\/blogdorogeriogomes.com.br\/noticias\/2022\/07\/diretorio-estadual-do-pt-decide-romper-alianca-com-pdt-e-negociar-chapa-alternativa-com-partidos-aliados\/","title":{"rendered":"Diret\u00f3rio estadual do PT decide romper alian\u00e7a com PDT e negociar chapa alternativa com partidos aliados"},"content":{"rendered":"\n<p>Reuni\u00e3o do Diret\u00f3rio Estadual do PT realizada nesta ter\u00e7a-feira, dia 19 de julho, em Fortaleza, decidiu pelo rompimento da alian\u00e7a de 16 anos com o PDT depois da indica\u00e7\u00e3o do ex-prefeito de Fortaleza Roberto Cl\u00e1udio como pr\u00e9-candidato ao Governo do Estado. Os petistas defendiam o nome da atual governadora Izolda Cela (PDT), que teria direito a buscar a reelei\u00e7\u00e3o. A resolu\u00e7\u00e3o do PT \u00e9 buscar outros partidos aliados para formar uma chapa alternativa ao Governo. As negocia\u00e7\u00f5es envolvem o MDB, o PP e o PC do B.<\/p>\n\n\n\n<p>A reuni\u00e3o do Diret\u00f3rio Estadual do PT teve a participa\u00e7\u00e3o virtual do ex-governador Camilo Santana e dos deputados federais Jos\u00e9 Airton Cirilo, Jos\u00e9 Guimar\u00e3es e Luizianne Lins.<\/p>\n\n\n\n<p>Na chapa alternativa, o nome de Camilo Santana j\u00e1 estaria definido para concorrer \u00e0 vaga ao Senado. Restaria definir quem seria o nome para concorrer ao cargo de governador e vice. <\/p>\n\n\n\n<p>Na avalia\u00e7\u00e3o de Camilo Santana, os aliados da atual governadora Izolda Cela devem ser prestigiados na forma\u00e7\u00e3o da chapa. Fica a d\u00favida em rela\u00e7\u00e3o a postura da governadora a partir desse rompimento entre PT e PDT. Izolda foi preterida na disputa interna do PDT, mas estar\u00e1 como governadora do Cear\u00e1 at\u00e9 dezembro ap\u00f3s as elei\u00e7\u00f5es.<\/p>\n\n\n\n<figure class=\"wp-block-image size-full is-resized\"><img loading=\"lazy\" decoding=\"async\" src=\"https:\/\/blogdorogeriogomes.com.br\/wp-content\/uploads\/2022\/07\/IMG-20220719-WA00662.jpg\" alt=\"\" class=\"wp-image-26109\" width=\"341\" height=\"224\" srcset=\"https:\/\/blogdorogeriogomes.com.br\/noticias\/wp-content\/uploads\/2022\/07\/IMG-20220719-WA00662.jpg 999w, https:\/\/blogdorogeriogomes.com.br\/noticias\/wp-content\/uploads\/2022\/07\/IMG-20220719-WA00662-300x198.jpg 300w, https:\/\/blogdorogeriogomes.com.br\/noticias\/wp-content\/uploads\/2022\/07\/IMG-20220719-WA00662-768x507.jpg 768w, https:\/\/blogdorogeriogomes.com.br\/noticias\/wp-content\/uploads\/2022\/07\/IMG-20220719-WA00662-800x528.jpg 800w\" sizes=\"auto, (max-width: 341px) 100vw, 341px\" \/><\/figure>\n","protected":false},"excerpt":{"rendered":"<p>Reuni\u00e3o do Diret\u00f3rio Estadual do PT realizada nesta ter\u00e7a-feira, dia 19 de julho, em Fortaleza, decidiu pelo rompimento da alian\u00e7a de 16 anos com o PDT depois da indica\u00e7\u00e3o do ex-prefeito de Fortaleza Roberto Cl\u00e1udio como pr\u00e9-candidato ao Governo do Estado. Os petistas defendiam o nome da atual governadora Izolda Cela (PDT), que teria direito a buscar a reelei\u00e7\u00e3o. A resolu\u00e7\u00e3o do PT \u00e9 buscar outros partidos aliados para formar uma chapa alternativa ao Governo. As negocia\u00e7\u00f5es envolvem o&hellip;<\/p>\n","protected":false},"author":1,"featured_media":26109,"comment_status":"open","ping_status":"open","sticky":false,"template":"","format":"standard","meta":{"footnotes":""},"categories":[1],"tags":[],"class_list":["post-26108","post","type-post","status-publish","format-standard","has-post-thumbnail","hentry","category-noticias"],"_links":{"self":[{"href":"https:\/\/blogdorogeriogomes.com.br\/noticias\/wp-json\/wp\/v2\/posts\/26108","targetHints":{"allow":["GET"]}}],"collection":[{"href":"https:\/\/blogdorogeriogomes.com.br\/noticias\/wp-json\/wp\/v2\/posts"}],"about":[{"href":"https:\/\/blogdorogeriogomes.com.br\/noticias\/wp-json\/wp\/v2\/types\/post"}],"author":[{"embeddable":true,"href":"https:\/\/blogdorogeriogomes.com.br\/noticias\/wp-json\/wp\/v2\/users\/1"}],"replies":[{"embeddable":true,"href":"https:\/\/blogdorogeriogomes.com.br\/noticias\/wp-json\/wp\/v2\/comments?post=26108"}],"version-history":[{"count":1,"href":"https:\/\/blogdorogeriogomes.com.br\/noticias\/wp-json\/wp\/v2\/posts\/26108\/revisions"}],"predecessor-version":[{"id":26110,"href":"https:\/\/blogdorogeriogomes.com.br\/noticias\/wp-json\/wp\/v2\/posts\/26108\/revisions\/26110"}],"wp:featuredmedia":[{"embeddable":true,"href":"https:\/\/blogdorogeriogomes.com.br\/noticias\/wp-json\/wp\/v2\/media\/26109"}],"wp:attachment":[{"href":"https:\/\/blogdorogeriogomes.com.br\/noticias\/wp-json\/wp\/v2\/media?parent=26108"}],"wp:term":[{"taxonomy":"category","embeddable":true,"href":"https:\/\/blogdorogeriogomes.com.br\/noticias\/wp-json\/wp\/v2\/categories?post=26108"},{"taxonomy":"post_tag","embeddable":true,"href":"https:\/\/blogdorogeriogomes.com.br\/noticias\/wp-json\/wp\/v2\/tags?post=26108"}],"curies":[{"name":"wp","href":"https:\/\/api.w.org\/{rel}","templated":true}]}}