{"id":26111,"date":"2022-07-19T23:55:59","date_gmt":"2022-07-19T23:55:59","guid":{"rendered":"https:\/\/blogdorogeriogomes.com.br\/?p=26111"},"modified":"2022-07-20T13:42:18","modified_gmt":"2022-07-20T13:42:18","slug":"camilo-santana-reune-representantes-da-base-aliada-e-prega-unidade-na-disputa-estadual-de-outubro","status":"publish","type":"post","link":"https:\/\/blogdorogeriogomes.com.br\/noticias\/2022\/07\/camilo-santana-reune-representantes-da-base-aliada-e-prega-unidade-na-disputa-estadual-de-outubro\/","title":{"rendered":"Camilo Santana re\u00fane representantes da base aliada e prega unidade na disputa estadual de outubro"},"content":{"rendered":"\n<p>Enquanto o Diret\u00f3rio Estadual do PT decidiu romper com o PDT, o ex-governador Camilo Santana (PT) se reuniu, nesta ter\u00e7a-feira, dia 19 de julho, com dirigentes do PT, PP, MDB, PSDB, PCdoB e PV, que fazem parte da base aliada da governadora Izolda Cela. <\/p>\n\n\n\n<p>No encontro foi discutido o cen\u00e1rio pol\u00edtico estadual, ap\u00f3s a decis\u00e3o do PDT de optar pelo ex-prefeito Roberto Cl\u00e1udio em detrimento da governadora Izolda Cela, que buscaria a reelei\u00e7\u00e3o. Durante o encontro, os partidos lamentaram n\u00e3o ter sido envolvidos pelo PDT na discuss\u00e3o do nome e se solidarizaram com a governadora Izolda Cela.<\/p>\n\n\n\n<p>Os dirigentes partid\u00e1rios se comprometeram em realizar uma nova reuni\u00e3o para estar juntos na constru\u00e7\u00e3o de um caminho comum para as elei\u00e7\u00f5es estaduais de outubro.<\/p>\n\n\n\n<figure class=\"wp-block-image size-full\"><img loading=\"lazy\" decoding=\"async\" width=\"1024\" height=\"768\" src=\"https:\/\/blogdorogeriogomes.com.br\/wp-content\/uploads\/2022\/07\/IMG-20220719-WA0144.jpg\" alt=\"\" class=\"wp-image-26112\" srcset=\"https:\/\/blogdorogeriogomes.com.br\/noticias\/wp-content\/uploads\/2022\/07\/IMG-20220719-WA0144.jpg 1024w, https:\/\/blogdorogeriogomes.com.br\/noticias\/wp-content\/uploads\/2022\/07\/IMG-20220719-WA0144-300x225.jpg 300w, https:\/\/blogdorogeriogomes.com.br\/noticias\/wp-content\/uploads\/2022\/07\/IMG-20220719-WA0144-768x576.jpg 768w, https:\/\/blogdorogeriogomes.com.br\/noticias\/wp-content\/uploads\/2022\/07\/IMG-20220719-WA0144-800x600.jpg 800w, https:\/\/blogdorogeriogomes.com.br\/noticias\/wp-content\/uploads\/2022\/07\/IMG-20220719-WA0144-400x300.jpg 400w\" sizes=\"auto, (max-width: 1024px) 100vw, 1024px\" \/><\/figure>\n","protected":false},"excerpt":{"rendered":"<p>Enquanto o Diret\u00f3rio Estadual do PT decidiu romper com o PDT, o ex-governador Camilo Santana (PT) se reuniu, nesta ter\u00e7a-feira, dia 19 de julho, com dirigentes do PT, PP, MDB, PSDB, PCdoB e PV, que fazem parte da base aliada da governadora Izolda Cela. No encontro foi discutido o cen\u00e1rio pol\u00edtico estadual, ap\u00f3s a decis\u00e3o do PDT de optar pelo ex-prefeito Roberto Cl\u00e1udio em detrimento da governadora Izolda Cela, que buscaria a reelei\u00e7\u00e3o. Durante o encontro, os partidos lamentaram&hellip;<\/p>\n","protected":false},"author":1,"featured_media":26112,"comment_status":"open","ping_status":"open","sticky":false,"template":"","format":"standard","meta":{"footnotes":""},"categories":[1],"tags":[],"class_list":["post-26111","post","type-post","status-publish","format-standard","has-post-thumbnail","hentry","category-noticias"],"_links":{"self":[{"href":"https:\/\/blogdorogeriogomes.com.br\/noticias\/wp-json\/wp\/v2\/posts\/26111","targetHints":{"allow":["GET"]}}],"collection":[{"href":"https:\/\/blogdorogeriogomes.com.br\/noticias\/wp-json\/wp\/v2\/posts"}],"about":[{"href":"https:\/\/blogdorogeriogomes.com.br\/noticias\/wp-json\/wp\/v2\/types\/post"}],"author":[{"embeddable":true,"href":"https:\/\/blogdorogeriogomes.com.br\/noticias\/wp-json\/wp\/v2\/users\/1"}],"replies":[{"embeddable":true,"href":"https:\/\/blogdorogeriogomes.com.br\/noticias\/wp-json\/wp\/v2\/comments?post=26111"}],"version-history":[{"count":1,"href":"https:\/\/blogdorogeriogomes.com.br\/noticias\/wp-json\/wp\/v2\/posts\/26111\/revisions"}],"predecessor-version":[{"id":26113,"href":"https:\/\/blogdorogeriogomes.com.br\/noticias\/wp-json\/wp\/v2\/posts\/26111\/revisions\/26113"}],"wp:featuredmedia":[{"embeddable":true,"href":"https:\/\/blogdorogeriogomes.com.br\/noticias\/wp-json\/wp\/v2\/media\/26112"}],"wp:attachment":[{"href":"https:\/\/blogdorogeriogomes.com.br\/noticias\/wp-json\/wp\/v2\/media?parent=26111"}],"wp:term":[{"taxonomy":"category","embeddable":true,"href":"https:\/\/blogdorogeriogomes.com.br\/noticias\/wp-json\/wp\/v2\/categories?post=26111"},{"taxonomy":"post_tag","embeddable":true,"href":"https:\/\/blogdorogeriogomes.com.br\/noticias\/wp-json\/wp\/v2\/tags?post=26111"}],"curies":[{"name":"wp","href":"https:\/\/api.w.org\/{rel}","templated":true}]}}