{"id":26114,"date":"2022-07-20T11:27:01","date_gmt":"2022-07-20T11:27:01","guid":{"rendered":"https:\/\/blogdorogeriogomes.com.br\/?p=26114"},"modified":"2022-07-20T13:42:01","modified_gmt":"2022-07-20T13:42:01","slug":"convencoes-partidarias-comecam-a-definir-hoje-candidatos-para-as-eleicoes-de-outubro","status":"publish","type":"post","link":"https:\/\/blogdorogeriogomes.com.br\/noticias\/2022\/07\/convencoes-partidarias-comecam-a-definir-hoje-candidatos-para-as-eleicoes-de-outubro\/","title":{"rendered":"Conven\u00e7\u00f5es partid\u00e1rias come\u00e7am a definir hoje candidatos para as elei\u00e7\u00f5es de outubro"},"content":{"rendered":"\n<p>As conven\u00e7\u00f5es partid\u00e1rias come\u00e7am a ser realizadas nesta quarta-feira, dia 20 de julho, e v\u00e3o at\u00e9 15 de agosto. \u00c9 o momento dos partidos definirem os seus candidatos para as elei\u00e7\u00f5es de outubro.<\/p>\n\n\n\n<p>Em 2022, haver\u00e1 disputas para deputado estadual, deputado federal, senador, governador e presidente da Rep\u00fablica.<\/p>\n\n\n\n<p>A primeira conven\u00e7\u00e3o entre os partidos que t\u00eam pr\u00e9-candidatos \u00e0 Presid\u00eancia \u00e9 a do PDT que deve confirmar o nome de&nbsp;Ciro Gomes nesta quarta-feira, em Bras\u00edlia.<\/p>\n\n\n\n<p>O&nbsp;PT far\u00e1 o evento nesta quinta-feira, dia 21, em S\u00e3o Paulo, mas n\u00e3o deve contar com a participa\u00e7\u00e3o do ex-presidente&nbsp;Lula, que \u00e9 o pr\u00e9-candidato da sigla. O petista prev\u00ea realizar um evento no Nordeste na data.<\/p>\n\n\n\n<p>A conven\u00e7\u00e3o do&nbsp;PL para oficializar a candidatura do presidente&nbsp;Jair Bolsonaro \u00e0 reelei\u00e7\u00e3o est\u00e1 marcada para domingo, dia 24, no Rio de Janeiro.<\/p>\n\n\n\n<figure class=\"wp-block-image size-full\"><img loading=\"lazy\" decoding=\"async\" width=\"678\" height=\"452\" src=\"https:\/\/blogdorogeriogomes.com.br\/wp-content\/uploads\/2022\/07\/images-6.jpeg\" alt=\"\" class=\"wp-image-26115\" srcset=\"https:\/\/blogdorogeriogomes.com.br\/noticias\/wp-content\/uploads\/2022\/07\/images-6.jpeg 678w, https:\/\/blogdorogeriogomes.com.br\/noticias\/wp-content\/uploads\/2022\/07\/images-6-300x200.jpeg 300w\" sizes=\"auto, (max-width: 678px) 100vw, 678px\" \/><\/figure>\n","protected":false},"excerpt":{"rendered":"<p>As conven\u00e7\u00f5es partid\u00e1rias come\u00e7am a ser realizadas nesta quarta-feira, dia 20 de julho, e v\u00e3o at\u00e9 15 de agosto. \u00c9 o momento dos partidos definirem os seus candidatos para as elei\u00e7\u00f5es de outubro. Em 2022, haver\u00e1 disputas para deputado estadual, deputado federal, senador, governador e presidente da Rep\u00fablica. A primeira conven\u00e7\u00e3o entre os partidos que t\u00eam pr\u00e9-candidatos \u00e0 Presid\u00eancia \u00e9 a do PDT que deve confirmar o nome de&nbsp;Ciro Gomes nesta quarta-feira, em Bras\u00edlia. O&nbsp;PT far\u00e1 o evento nesta&hellip;<\/p>\n","protected":false},"author":1,"featured_media":26118,"comment_status":"open","ping_status":"open","sticky":false,"template":"","format":"standard","meta":{"footnotes":""},"categories":[1],"tags":[],"class_list":["post-26114","post","type-post","status-publish","format-standard","has-post-thumbnail","hentry","category-noticias"],"_links":{"self":[{"href":"https:\/\/blogdorogeriogomes.com.br\/noticias\/wp-json\/wp\/v2\/posts\/26114","targetHints":{"allow":["GET"]}}],"collection":[{"href":"https:\/\/blogdorogeriogomes.com.br\/noticias\/wp-json\/wp\/v2\/posts"}],"about":[{"href":"https:\/\/blogdorogeriogomes.com.br\/noticias\/wp-json\/wp\/v2\/types\/post"}],"author":[{"embeddable":true,"href":"https:\/\/blogdorogeriogomes.com.br\/noticias\/wp-json\/wp\/v2\/users\/1"}],"replies":[{"embeddable":true,"href":"https:\/\/blogdorogeriogomes.com.br\/noticias\/wp-json\/wp\/v2\/comments?post=26114"}],"version-history":[{"count":2,"href":"https:\/\/blogdorogeriogomes.com.br\/noticias\/wp-json\/wp\/v2\/posts\/26114\/revisions"}],"predecessor-version":[{"id":26121,"href":"https:\/\/blogdorogeriogomes.com.br\/noticias\/wp-json\/wp\/v2\/posts\/26114\/revisions\/26121"}],"wp:featuredmedia":[{"embeddable":true,"href":"https:\/\/blogdorogeriogomes.com.br\/noticias\/wp-json\/wp\/v2\/media\/26118"}],"wp:attachment":[{"href":"https:\/\/blogdorogeriogomes.com.br\/noticias\/wp-json\/wp\/v2\/media?parent=26114"}],"wp:term":[{"taxonomy":"category","embeddable":true,"href":"https:\/\/blogdorogeriogomes.com.br\/noticias\/wp-json\/wp\/v2\/categories?post=26114"},{"taxonomy":"post_tag","embeddable":true,"href":"https:\/\/blogdorogeriogomes.com.br\/noticias\/wp-json\/wp\/v2\/tags?post=26114"}],"curies":[{"name":"wp","href":"https:\/\/api.w.org\/{rel}","templated":true}]}}