{"id":26117,"date":"2022-07-20T11:38:48","date_gmt":"2022-07-20T11:38:48","guid":{"rendered":"https:\/\/blogdorogeriogomes.com.br\/?p=26117"},"modified":"2022-07-20T13:41:54","modified_gmt":"2022-07-20T13:41:54","slug":"presidente-da-fiec-ricardo-cavalcante-sera-agraciado-com-trofeu-sereia-de-ouro","status":"publish","type":"post","link":"https:\/\/blogdorogeriogomes.com.br\/noticias\/2022\/07\/presidente-da-fiec-ricardo-cavalcante-sera-agraciado-com-trofeu-sereia-de-ouro\/","title":{"rendered":"Presidente da Fiec Ricardo Cavalcante ser\u00e1 agraciado com Trof\u00e9u Sereia de Ouro"},"content":{"rendered":"\n<p>O Presidente da Federa\u00e7\u00e3o das Ind\u00fastrias do Estado do Cear\u00e1 (FIEC) e da Associa\u00e7\u00e3o NE Forte, Ricardo Cavalcante, ser\u00e1 agraciado com o Trof\u00e9u Sereia de Ouro, em sua 50\u00aa edi\u00e7\u00e3o. A premia\u00e7\u00e3o reconhece personalidades pela capacidade de superar desafios e de se destacar nas mais diversas \u00e1reas de atua\u00e7\u00e3o. Al\u00e9m do Presidente Ricardo Cavalcante, receber\u00e3o a comenda o Desembargador do Tribunal Regional Federal da 5\u00aa Regi\u00e3o, Cid Marconi; o Presidente da Unimed Cear\u00e1, Darival Bringel; e o Cartunista Mino Castelo Branco.<\/p>\n\n\n\n<p>O Trof\u00e9u Sereia de Ouro \u00e9 uma das principais premia\u00e7\u00f5es do estado do Cear\u00e1 e foi criada pelo chanceler Edson Queiroz em 1971, ap\u00f3s a funda\u00e7\u00e3o da TV Verdes Mares. Os quatro not\u00e1veis homenageados neste ano somam-se \u00e0 lista dos 196 nomes agraciados em edi\u00e7\u00f5es anteriores.<\/p>\n\n\n\n<p>Depois de dois anos sem solenidade presencial para atender \u00e0s medidas sanit\u00e1rias de conten\u00e7\u00e3o da pandemia, a cerim\u00f4nia voltar\u00e1 a acontecer no Theatro Jos\u00e9 de Alencar, em setembro.<\/p>\n\n\n\n<figure class=\"wp-block-image size-large\"><img loading=\"lazy\" decoding=\"async\" width=\"1024\" height=\"682\" src=\"https:\/\/blogdorogeriogomes.com.br\/wp-content\/uploads\/2022\/07\/IMG-20220719-WA0155-1024x682.jpg\" alt=\"\" class=\"wp-image-26119\" srcset=\"https:\/\/blogdorogeriogomes.com.br\/noticias\/wp-content\/uploads\/2022\/07\/IMG-20220719-WA0155-1024x682.jpg 1024w, https:\/\/blogdorogeriogomes.com.br\/noticias\/wp-content\/uploads\/2022\/07\/IMG-20220719-WA0155-300x200.jpg 300w, https:\/\/blogdorogeriogomes.com.br\/noticias\/wp-content\/uploads\/2022\/07\/IMG-20220719-WA0155-768x512.jpg 768w, https:\/\/blogdorogeriogomes.com.br\/noticias\/wp-content\/uploads\/2022\/07\/IMG-20220719-WA0155-1536x1023.jpg 1536w, https:\/\/blogdorogeriogomes.com.br\/noticias\/wp-content\/uploads\/2022\/07\/IMG-20220719-WA0155-800x533.jpg 800w, https:\/\/blogdorogeriogomes.com.br\/noticias\/wp-content\/uploads\/2022\/07\/IMG-20220719-WA0155.jpg 1600w\" sizes=\"auto, (max-width: 1024px) 100vw, 1024px\" \/><\/figure>\n","protected":false},"excerpt":{"rendered":"<p>O Presidente da Federa\u00e7\u00e3o das Ind\u00fastrias do Estado do Cear\u00e1 (FIEC) e da Associa\u00e7\u00e3o NE Forte, Ricardo Cavalcante, ser\u00e1 agraciado com o Trof\u00e9u Sereia de Ouro, em sua 50\u00aa edi\u00e7\u00e3o. A premia\u00e7\u00e3o reconhece personalidades pela capacidade de superar desafios e de se destacar nas mais diversas \u00e1reas de atua\u00e7\u00e3o. Al\u00e9m do Presidente Ricardo Cavalcante, receber\u00e3o a comenda o Desembargador do Tribunal Regional Federal da 5\u00aa Regi\u00e3o, Cid Marconi; o Presidente da Unimed Cear\u00e1, Darival Bringel; e o Cartunista Mino&hellip;<\/p>\n","protected":false},"author":1,"featured_media":26119,"comment_status":"open","ping_status":"open","sticky":false,"template":"","format":"standard","meta":{"footnotes":""},"categories":[1],"tags":[],"class_list":["post-26117","post","type-post","status-publish","format-standard","has-post-thumbnail","hentry","category-noticias"],"_links":{"self":[{"href":"https:\/\/blogdorogeriogomes.com.br\/noticias\/wp-json\/wp\/v2\/posts\/26117","targetHints":{"allow":["GET"]}}],"collection":[{"href":"https:\/\/blogdorogeriogomes.com.br\/noticias\/wp-json\/wp\/v2\/posts"}],"about":[{"href":"https:\/\/blogdorogeriogomes.com.br\/noticias\/wp-json\/wp\/v2\/types\/post"}],"author":[{"embeddable":true,"href":"https:\/\/blogdorogeriogomes.com.br\/noticias\/wp-json\/wp\/v2\/users\/1"}],"replies":[{"embeddable":true,"href":"https:\/\/blogdorogeriogomes.com.br\/noticias\/wp-json\/wp\/v2\/comments?post=26117"}],"version-history":[{"count":1,"href":"https:\/\/blogdorogeriogomes.com.br\/noticias\/wp-json\/wp\/v2\/posts\/26117\/revisions"}],"predecessor-version":[{"id":26120,"href":"https:\/\/blogdorogeriogomes.com.br\/noticias\/wp-json\/wp\/v2\/posts\/26117\/revisions\/26120"}],"wp:featuredmedia":[{"embeddable":true,"href":"https:\/\/blogdorogeriogomes.com.br\/noticias\/wp-json\/wp\/v2\/media\/26119"}],"wp:attachment":[{"href":"https:\/\/blogdorogeriogomes.com.br\/noticias\/wp-json\/wp\/v2\/media?parent=26117"}],"wp:term":[{"taxonomy":"category","embeddable":true,"href":"https:\/\/blogdorogeriogomes.com.br\/noticias\/wp-json\/wp\/v2\/categories?post=26117"},{"taxonomy":"post_tag","embeddable":true,"href":"https:\/\/blogdorogeriogomes.com.br\/noticias\/wp-json\/wp\/v2\/tags?post=26117"}],"curies":[{"name":"wp","href":"https:\/\/api.w.org\/{rel}","templated":true}]}}