{"id":26123,"date":"2022-07-21T01:28:59","date_gmt":"2022-07-21T01:28:59","guid":{"rendered":"https:\/\/blogdorogeriogomes.com.br\/?p=26123"},"modified":"2022-07-21T14:30:10","modified_gmt":"2022-07-21T14:30:10","slug":"ciro-gomes-lanca-candidatura-pelo-pdt-a-presidencia-e-enaltece-a-escolha-de-roberto-claudio-para-concorrer-ao-governo-do-ceara","status":"publish","type":"post","link":"https:\/\/blogdorogeriogomes.com.br\/noticias\/2022\/07\/ciro-gomes-lanca-candidatura-pelo-pdt-a-presidencia-e-enaltece-a-escolha-de-roberto-claudio-para-concorrer-ao-governo-do-ceara\/","title":{"rendered":"Ciro Gomes lan\u00e7a candidatura pelo PDT \u00e0 Presid\u00eancia e enaltece a escolha de Roberto Cl\u00e1udio para concorrer ao Governo do Cear\u00e1"},"content":{"rendered":"\n<p>Com ataques a Lula (PT) e Jair Bolsonaro (PL), o ex-ministro&nbsp;Ciro Gomes lan\u00e7ou oficialmente nesta quarta-feira, dia 20 de julho, a sua candidatura \u00e0 Presid\u00eancia da Rep\u00fablica pelo PDT. Ser\u00e1 a quarta vez que Ciro concorre ao Pal\u00e1cio do Planalto. Na conven\u00e7\u00e3o, ainda n\u00e3o foi efetivado o candidato a vice-presidente que poder\u00e1 a ser do pr\u00f3prio PDT, porque Ciro Gomes tem tido dificuldades no fechamento de alian\u00e7as. A senadora Leila Barros (DF) \u00e9 cotada.<\/p>\n\n\n\n<p>E quem marcou presen\u00e7a na Conven\u00e7\u00e3o Nacional do&nbsp;PDT em Bras\u00edlia foi o ex-prefeito de Fortaleza, Roberto Cl\u00e1udio (PDT), escolhido pelo partido para concorrer ao Governo do Cear\u00e1. A candidatura de RC ser\u00e1 oficializada, pr\u00f3ximo domingo, dia 24, na Conven\u00e7\u00e3o Estadual do PDT, em Fortaleza. Roberto Cl\u00e1udio teve a sua candidatura enaltecida por Ciro, que se tornou se principal &#8220;padrinho&#8221; na disputa interna com a governadora Izolda Cela.<\/p>\n\n\n\n<p>N\u00e3o compareceram na Conven\u00e7\u00e3o Nacional do PDT em Bras\u00edlia para prestigiar Ciro Gomes, os irm\u00e3os Cid e Ivo Gomes. Muito menos a governadora do Cear\u00e1, Izolda Cela.<\/p>\n\n\n\n<p>Em tempo: Roberto Cl\u00e1udio revelou que o presidente estadual do PSD, Domingos Filho, \u00e9 cotado para ser o seu candidato a vice-governador.<\/p>\n\n\n\n<figure class=\"wp-block-image size-full\"><img loading=\"lazy\" decoding=\"async\" width=\"550\" height=\"280\" src=\"https:\/\/blogdorogeriogomes.com.br\/wp-content\/uploads\/2022\/07\/images-7.jpeg\" alt=\"\" class=\"wp-image-26124\" srcset=\"https:\/\/blogdorogeriogomes.com.br\/noticias\/wp-content\/uploads\/2022\/07\/images-7.jpeg 550w, https:\/\/blogdorogeriogomes.com.br\/noticias\/wp-content\/uploads\/2022\/07\/images-7-300x153.jpeg 300w\" sizes=\"auto, (max-width: 550px) 100vw, 550px\" \/><\/figure>\n","protected":false},"excerpt":{"rendered":"<p>Com ataques a Lula (PT) e Jair Bolsonaro (PL), o ex-ministro&nbsp;Ciro Gomes lan\u00e7ou oficialmente nesta quarta-feira, dia 20 de julho, a sua candidatura \u00e0 Presid\u00eancia da Rep\u00fablica pelo PDT. Ser\u00e1 a quarta vez que Ciro concorre ao Pal\u00e1cio do Planalto. Na conven\u00e7\u00e3o, ainda n\u00e3o foi efetivado o candidato a vice-presidente que poder\u00e1 a ser do pr\u00f3prio PDT, porque Ciro Gomes tem tido dificuldades no fechamento de alian\u00e7as. A senadora Leila Barros (DF) \u00e9 cotada. E quem marcou presen\u00e7a na&hellip;<\/p>\n","protected":false},"author":1,"featured_media":26124,"comment_status":"open","ping_status":"open","sticky":false,"template":"","format":"standard","meta":{"footnotes":""},"categories":[1],"tags":[],"class_list":["post-26123","post","type-post","status-publish","format-standard","has-post-thumbnail","hentry","category-noticias"],"_links":{"self":[{"href":"https:\/\/blogdorogeriogomes.com.br\/noticias\/wp-json\/wp\/v2\/posts\/26123","targetHints":{"allow":["GET"]}}],"collection":[{"href":"https:\/\/blogdorogeriogomes.com.br\/noticias\/wp-json\/wp\/v2\/posts"}],"about":[{"href":"https:\/\/blogdorogeriogomes.com.br\/noticias\/wp-json\/wp\/v2\/types\/post"}],"author":[{"embeddable":true,"href":"https:\/\/blogdorogeriogomes.com.br\/noticias\/wp-json\/wp\/v2\/users\/1"}],"replies":[{"embeddable":true,"href":"https:\/\/blogdorogeriogomes.com.br\/noticias\/wp-json\/wp\/v2\/comments?post=26123"}],"version-history":[{"count":2,"href":"https:\/\/blogdorogeriogomes.com.br\/noticias\/wp-json\/wp\/v2\/posts\/26123\/revisions"}],"predecessor-version":[{"id":26136,"href":"https:\/\/blogdorogeriogomes.com.br\/noticias\/wp-json\/wp\/v2\/posts\/26123\/revisions\/26136"}],"wp:featuredmedia":[{"embeddable":true,"href":"https:\/\/blogdorogeriogomes.com.br\/noticias\/wp-json\/wp\/v2\/media\/26124"}],"wp:attachment":[{"href":"https:\/\/blogdorogeriogomes.com.br\/noticias\/wp-json\/wp\/v2\/media?parent=26123"}],"wp:term":[{"taxonomy":"category","embeddable":true,"href":"https:\/\/blogdorogeriogomes.com.br\/noticias\/wp-json\/wp\/v2\/categories?post=26123"},{"taxonomy":"post_tag","embeddable":true,"href":"https:\/\/blogdorogeriogomes.com.br\/noticias\/wp-json\/wp\/v2\/tags?post=26123"}],"curies":[{"name":"wp","href":"https:\/\/api.w.org\/{rel}","templated":true}]}}