{"id":26126,"date":"2022-07-21T11:22:20","date_gmt":"2022-07-21T11:22:20","guid":{"rendered":"https:\/\/blogdorogeriogomes.com.br\/?p=26126"},"modified":"2022-07-21T14:29:39","modified_gmt":"2022-07-21T14:29:39","slug":"oab-e-procon-fortaleza-pedem-explicacao-sobre-cobranca-na-area-de-embarque-do-aeroporto-de-fortaleza","status":"publish","type":"post","link":"https:\/\/blogdorogeriogomes.com.br\/noticias\/2022\/07\/oab-e-procon-fortaleza-pedem-explicacao-sobre-cobranca-na-area-de-embarque-do-aeroporto-de-fortaleza\/","title":{"rendered":"OAB e Procon Fortaleza pedem explica\u00e7\u00e3o sobre cobran\u00e7a na \u00e1rea de embarque do Aeroporto de Fortaleza"},"content":{"rendered":"\n<p>A Ordem dos Advogados do Brasil sec\u00e7\u00e3o Cear\u00e1 (OAB) pediu explica\u00e7\u00f5es sobre a cobran\u00e7a de R$ 20 a cada 10 minutos que condutores fiquem estacionados no meio fio durante embarque e desembarque do Aeroporto Internacional de Fortaleza. A Comiss\u00e3o de Direito do Consumidor cobra esclarecimentos sobre a medida. <\/p>\n\n\n\n<p>A mesma iniciativa foi tomada pelo Procon Fortaleza, que v\u00ea abusividade na medida. \u201cConsiderando que est\u00e3o inovando na referida cobran\u00e7a no Estado do Cear\u00e1 e por serem muito superiores a qualquer tipo de cobran\u00e7a realizados, por empresas de estacionamento e zona azul, aguardamos pelos devidos esclarecimentos, por parte da Fraport Brasil\u201d, defende a presidente da Comiss\u00e3o de Defesa do Consumidor da OAB-CE, Cl\u00e1udia Santos.<br><br><\/p>\n\n\n\n<figure class=\"wp-block-image size-full\"><img loading=\"lazy\" decoding=\"async\" width=\"750\" height=\"500\" src=\"https:\/\/blogdorogeriogomes.com.br\/wp-content\/uploads\/2022\/07\/1__p2a6229-15484114.jpg\" alt=\"\" class=\"wp-image-26127\" srcset=\"https:\/\/blogdorogeriogomes.com.br\/noticias\/wp-content\/uploads\/2022\/07\/1__p2a6229-15484114.jpg 750w, https:\/\/blogdorogeriogomes.com.br\/noticias\/wp-content\/uploads\/2022\/07\/1__p2a6229-15484114-300x200.jpg 300w\" sizes=\"auto, (max-width: 750px) 100vw, 750px\" \/><\/figure>\n","protected":false},"excerpt":{"rendered":"<p>A Ordem dos Advogados do Brasil sec\u00e7\u00e3o Cear\u00e1 (OAB) pediu explica\u00e7\u00f5es sobre a cobran\u00e7a de R$ 20 a cada 10 minutos que condutores fiquem estacionados no meio fio durante embarque e desembarque do Aeroporto Internacional de Fortaleza. A Comiss\u00e3o de Direito do Consumidor cobra esclarecimentos sobre a medida. A mesma iniciativa foi tomada pelo Procon Fortaleza, que v\u00ea abusividade na medida. \u201cConsiderando que est\u00e3o inovando na referida cobran\u00e7a no Estado do Cear\u00e1 e por serem muito superiores a qualquer&hellip;<\/p>\n","protected":false},"author":1,"featured_media":26127,"comment_status":"open","ping_status":"open","sticky":false,"template":"","format":"standard","meta":{"footnotes":""},"categories":[1],"tags":[],"class_list":["post-26126","post","type-post","status-publish","format-standard","has-post-thumbnail","hentry","category-noticias"],"_links":{"self":[{"href":"https:\/\/blogdorogeriogomes.com.br\/noticias\/wp-json\/wp\/v2\/posts\/26126","targetHints":{"allow":["GET"]}}],"collection":[{"href":"https:\/\/blogdorogeriogomes.com.br\/noticias\/wp-json\/wp\/v2\/posts"}],"about":[{"href":"https:\/\/blogdorogeriogomes.com.br\/noticias\/wp-json\/wp\/v2\/types\/post"}],"author":[{"embeddable":true,"href":"https:\/\/blogdorogeriogomes.com.br\/noticias\/wp-json\/wp\/v2\/users\/1"}],"replies":[{"embeddable":true,"href":"https:\/\/blogdorogeriogomes.com.br\/noticias\/wp-json\/wp\/v2\/comments?post=26126"}],"version-history":[{"count":1,"href":"https:\/\/blogdorogeriogomes.com.br\/noticias\/wp-json\/wp\/v2\/posts\/26126\/revisions"}],"predecessor-version":[{"id":26128,"href":"https:\/\/blogdorogeriogomes.com.br\/noticias\/wp-json\/wp\/v2\/posts\/26126\/revisions\/26128"}],"wp:featuredmedia":[{"embeddable":true,"href":"https:\/\/blogdorogeriogomes.com.br\/noticias\/wp-json\/wp\/v2\/media\/26127"}],"wp:attachment":[{"href":"https:\/\/blogdorogeriogomes.com.br\/noticias\/wp-json\/wp\/v2\/media?parent=26126"}],"wp:term":[{"taxonomy":"category","embeddable":true,"href":"https:\/\/blogdorogeriogomes.com.br\/noticias\/wp-json\/wp\/v2\/categories?post=26126"},{"taxonomy":"post_tag","embeddable":true,"href":"https:\/\/blogdorogeriogomes.com.br\/noticias\/wp-json\/wp\/v2\/tags?post=26126"}],"curies":[{"name":"wp","href":"https:\/\/api.w.org\/{rel}","templated":true}]}}