{"id":26137,"date":"2022-07-21T20:25:47","date_gmt":"2022-07-21T20:25:47","guid":{"rendered":"https:\/\/blogdorogeriogomes.com.br\/?p=26137"},"modified":"2022-07-25T11:17:24","modified_gmt":"2022-07-25T11:17:24","slug":"izolda-cela-sanciona-projeto-que-permite-demissao-de-servidores-publicos-envolvidos-em-casos-de-violencia-contra-a-mulher","status":"publish","type":"post","link":"https:\/\/blogdorogeriogomes.com.br\/noticias\/2022\/07\/izolda-cela-sanciona-projeto-que-permite-demissao-de-servidores-publicos-envolvidos-em-casos-de-violencia-contra-a-mulher\/","title":{"rendered":"Izolda Cela sanciona projeto que permite demiss\u00e3o de servidores p\u00fablicos envolvidos em casos de viol\u00eancia contra a mulher"},"content":{"rendered":"\n<p>Uma nova vit\u00f3ria contra viol\u00eancia cometida sobre as mulheres. A governadora Izolda Cela (PDT) sancionou nesta quinta-feira, dia 21 de julho, um projeto de lei que permite a demiss\u00e3o de funcion\u00e1rios p\u00fablicos do Estado envolvidos em casos de viol\u00eancia dom\u00e9stica e familiar contra mulheres. <\/p>\n\n\n\n<p>A medida foi aprovada pela Assembleia Legislativa e &#8220;fortalece esse cerco de prote\u00e7\u00e3o e tem como objetivo uma sociedade mais respeitosa e mais pac\u00edfica&#8221;, disse Izolda Cela. <\/p>\n\n\n\n<p>Na atual gest\u00e3o, o Governo do Estado j\u00e1 inaugurou duas unidades da Casa da Mulher Cearense, sendo uma em Juazeiro do Norte e outra em Sobral, e construir\u00e1 outros quatro espa\u00e7o, na cidades de Iguatu, Crate\u00fas, Tau\u00e1 e Quixad\u00e1. &#8220;Aproveito para agradecer o empenho das nossas deputadas e deputados na aprova\u00e7\u00e3o dessa importante medida&#8221;, completou a governadora. A secret\u00e1ria de Prote\u00e7\u00e3o Social, On\u00e9lia Santana, e a ex-secret\u00e1ria Socorro Fran\u00e7a tamb\u00e9m participaram da assinatura.<br><\/p>\n\n\n\n<figure class=\"wp-block-image size-full\"><img loading=\"lazy\" decoding=\"async\" width=\"818\" height=\"459\" src=\"https:\/\/blogdorogeriogomes.com.br\/wp-content\/uploads\/2022\/07\/1_izoldaviolenciamulher-19251095.jpg\" alt=\"\" class=\"wp-image-26138\" srcset=\"https:\/\/blogdorogeriogomes.com.br\/noticias\/wp-content\/uploads\/2022\/07\/1_izoldaviolenciamulher-19251095.jpg 818w, https:\/\/blogdorogeriogomes.com.br\/noticias\/wp-content\/uploads\/2022\/07\/1_izoldaviolenciamulher-19251095-300x168.jpg 300w, https:\/\/blogdorogeriogomes.com.br\/noticias\/wp-content\/uploads\/2022\/07\/1_izoldaviolenciamulher-19251095-768x431.jpg 768w, https:\/\/blogdorogeriogomes.com.br\/noticias\/wp-content\/uploads\/2022\/07\/1_izoldaviolenciamulher-19251095-800x449.jpg 800w\" sizes=\"auto, (max-width: 818px) 100vw, 818px\" \/><\/figure>\n","protected":false},"excerpt":{"rendered":"<p>Uma nova vit\u00f3ria contra viol\u00eancia cometida sobre as mulheres. A governadora Izolda Cela (PDT) sancionou nesta quinta-feira, dia 21 de julho, um projeto de lei que permite a demiss\u00e3o de funcion\u00e1rios p\u00fablicos do Estado envolvidos em casos de viol\u00eancia dom\u00e9stica e familiar contra mulheres. A medida foi aprovada pela Assembleia Legislativa e &#8220;fortalece esse cerco de prote\u00e7\u00e3o e tem como objetivo uma sociedade mais respeitosa e mais pac\u00edfica&#8221;, disse Izolda Cela. Na atual gest\u00e3o, o Governo do Estado j\u00e1&hellip;<\/p>\n","protected":false},"author":1,"featured_media":26138,"comment_status":"open","ping_status":"open","sticky":false,"template":"","format":"standard","meta":{"footnotes":""},"categories":[1],"tags":[],"class_list":["post-26137","post","type-post","status-publish","format-standard","has-post-thumbnail","hentry","category-noticias"],"_links":{"self":[{"href":"https:\/\/blogdorogeriogomes.com.br\/noticias\/wp-json\/wp\/v2\/posts\/26137","targetHints":{"allow":["GET"]}}],"collection":[{"href":"https:\/\/blogdorogeriogomes.com.br\/noticias\/wp-json\/wp\/v2\/posts"}],"about":[{"href":"https:\/\/blogdorogeriogomes.com.br\/noticias\/wp-json\/wp\/v2\/types\/post"}],"author":[{"embeddable":true,"href":"https:\/\/blogdorogeriogomes.com.br\/noticias\/wp-json\/wp\/v2\/users\/1"}],"replies":[{"embeddable":true,"href":"https:\/\/blogdorogeriogomes.com.br\/noticias\/wp-json\/wp\/v2\/comments?post=26137"}],"version-history":[{"count":1,"href":"https:\/\/blogdorogeriogomes.com.br\/noticias\/wp-json\/wp\/v2\/posts\/26137\/revisions"}],"predecessor-version":[{"id":26139,"href":"https:\/\/blogdorogeriogomes.com.br\/noticias\/wp-json\/wp\/v2\/posts\/26137\/revisions\/26139"}],"wp:featuredmedia":[{"embeddable":true,"href":"https:\/\/blogdorogeriogomes.com.br\/noticias\/wp-json\/wp\/v2\/media\/26138"}],"wp:attachment":[{"href":"https:\/\/blogdorogeriogomes.com.br\/noticias\/wp-json\/wp\/v2\/media?parent=26137"}],"wp:term":[{"taxonomy":"category","embeddable":true,"href":"https:\/\/blogdorogeriogomes.com.br\/noticias\/wp-json\/wp\/v2\/categories?post=26137"},{"taxonomy":"post_tag","embeddable":true,"href":"https:\/\/blogdorogeriogomes.com.br\/noticias\/wp-json\/wp\/v2\/tags?post=26137"}],"curies":[{"name":"wp","href":"https:\/\/api.w.org\/{rel}","templated":true}]}}