{"id":26140,"date":"2022-07-21T23:14:21","date_gmt":"2022-07-21T23:14:21","guid":{"rendered":"https:\/\/blogdorogeriogomes.com.br\/?p=26140"},"modified":"2022-07-25T11:17:09","modified_gmt":"2022-07-25T11:17:09","slug":"tre-do-ceara-pede-reforco-de-tropas-federais-para-10-municipios-nas-eleicoes-de-outubro","status":"publish","type":"post","link":"https:\/\/blogdorogeriogomes.com.br\/noticias\/2022\/07\/tre-do-ceara-pede-reforco-de-tropas-federais-para-10-municipios-nas-eleicoes-de-outubro\/","title":{"rendered":"TRE do Cear\u00e1 pede refor\u00e7o de tropas federais para 10 munic\u00edpios nas elei\u00e7\u00f5es de outubro"},"content":{"rendered":"\n<p>O Tribunal Regional Eleitoral do Cear\u00e1 fez o pedido de tropas federais para refor\u00e7ar a seguran\u00e7a no dia das elei\u00e7\u00f5es em 10 munic\u00edpios do Estado, incluindo Fortaleza. As outras cidades a serem atendidas s\u00e3o Quixad\u00e1, Tau\u00e1, Sobral, Juazeiro do Norte, Caucaia, Pacajus, Aquiraz, Horizonte e Maracana\u00fa.<\/p>\n\n\n\n<p>O levantamento dos munic\u00edpios a serem contemplados com tropas federais de seguran\u00e7a nas elei\u00e7\u00f5es foi feito pela Comiss\u00e3o Permanente de Seguran\u00e7a do TRE-CE, a partir das demandas das 109 zonas eleitorais do Cear\u00e1.<br><\/p>\n\n\n\n<figure class=\"wp-block-image size-full\"><img loading=\"lazy\" decoding=\"async\" width=\"640\" height=\"480\" src=\"https:\/\/blogdorogeriogomes.com.br\/wp-content\/uploads\/2022\/07\/images-10.jpeg\" alt=\"\" class=\"wp-image-26141\" srcset=\"https:\/\/blogdorogeriogomes.com.br\/noticias\/wp-content\/uploads\/2022\/07\/images-10.jpeg 640w, https:\/\/blogdorogeriogomes.com.br\/noticias\/wp-content\/uploads\/2022\/07\/images-10-300x225.jpeg 300w, https:\/\/blogdorogeriogomes.com.br\/noticias\/wp-content\/uploads\/2022\/07\/images-10-400x300.jpeg 400w\" sizes=\"auto, (max-width: 640px) 100vw, 640px\" \/><\/figure>\n","protected":false},"excerpt":{"rendered":"<p>O Tribunal Regional Eleitoral do Cear\u00e1 fez o pedido de tropas federais para refor\u00e7ar a seguran\u00e7a no dia das elei\u00e7\u00f5es em 10 munic\u00edpios do Estado, incluindo Fortaleza. As outras cidades a serem atendidas s\u00e3o Quixad\u00e1, Tau\u00e1, Sobral, Juazeiro do Norte, Caucaia, Pacajus, Aquiraz, Horizonte e Maracana\u00fa. O levantamento dos munic\u00edpios a serem contemplados com tropas federais de seguran\u00e7a nas elei\u00e7\u00f5es foi feito pela Comiss\u00e3o Permanente de Seguran\u00e7a do TRE-CE, a partir das demandas das 109 zonas eleitorais do Cear\u00e1.<\/p>\n","protected":false},"author":1,"featured_media":26141,"comment_status":"open","ping_status":"open","sticky":false,"template":"","format":"standard","meta":{"footnotes":""},"categories":[1],"tags":[],"class_list":["post-26140","post","type-post","status-publish","format-standard","has-post-thumbnail","hentry","category-noticias"],"_links":{"self":[{"href":"https:\/\/blogdorogeriogomes.com.br\/noticias\/wp-json\/wp\/v2\/posts\/26140","targetHints":{"allow":["GET"]}}],"collection":[{"href":"https:\/\/blogdorogeriogomes.com.br\/noticias\/wp-json\/wp\/v2\/posts"}],"about":[{"href":"https:\/\/blogdorogeriogomes.com.br\/noticias\/wp-json\/wp\/v2\/types\/post"}],"author":[{"embeddable":true,"href":"https:\/\/blogdorogeriogomes.com.br\/noticias\/wp-json\/wp\/v2\/users\/1"}],"replies":[{"embeddable":true,"href":"https:\/\/blogdorogeriogomes.com.br\/noticias\/wp-json\/wp\/v2\/comments?post=26140"}],"version-history":[{"count":1,"href":"https:\/\/blogdorogeriogomes.com.br\/noticias\/wp-json\/wp\/v2\/posts\/26140\/revisions"}],"predecessor-version":[{"id":26142,"href":"https:\/\/blogdorogeriogomes.com.br\/noticias\/wp-json\/wp\/v2\/posts\/26140\/revisions\/26142"}],"wp:featuredmedia":[{"embeddable":true,"href":"https:\/\/blogdorogeriogomes.com.br\/noticias\/wp-json\/wp\/v2\/media\/26141"}],"wp:attachment":[{"href":"https:\/\/blogdorogeriogomes.com.br\/noticias\/wp-json\/wp\/v2\/media?parent=26140"}],"wp:term":[{"taxonomy":"category","embeddable":true,"href":"https:\/\/blogdorogeriogomes.com.br\/noticias\/wp-json\/wp\/v2\/categories?post=26140"},{"taxonomy":"post_tag","embeddable":true,"href":"https:\/\/blogdorogeriogomes.com.br\/noticias\/wp-json\/wp\/v2\/tags?post=26140"}],"curies":[{"name":"wp","href":"https:\/\/api.w.org\/{rel}","templated":true}]}}