{"id":26146,"date":"2022-07-22T10:37:51","date_gmt":"2022-07-22T10:37:51","guid":{"rendered":"https:\/\/blogdorogeriogomes.com.br\/?p=26146"},"modified":"2022-07-25T11:16:20","modified_gmt":"2022-07-25T11:16:20","slug":"pt-espera-definir-nome-de-candidato-proprio-ao-governo-do-ceara-ate-este-sabado","status":"publish","type":"post","link":"https:\/\/blogdorogeriogomes.com.br\/noticias\/2022\/07\/pt-espera-definir-nome-de-candidato-proprio-ao-governo-do-ceara-ate-este-sabado\/","title":{"rendered":"PT espera definir nome de candidato pr\u00f3prio ao Governo do Cear\u00e1 at\u00e9 este s\u00e1bado"},"content":{"rendered":"\n<p>O ex-governador Camilo Santana (PT) segue conversando individualmente com cada partido que deve compor a alian\u00e7a para o Governo do Cear\u00e1 ap\u00f3s o rompimento pol\u00edtico com o PDT. A expectativa \u00e9 que o PT defina at\u00e9 este s\u00e1bado, dia 23 de julho, o nome de quem vai encabe\u00e7ar a chapa. O vice deve sair de algum dos partidos aliados.<\/p>\n\n\n\n<p>Entre os nomes mais cotados est\u00e3o o do vice-presidente da Assembleia Legislativa, Fernando Santana, e do deputado estadual Elmano de Freitas. Entre as mulheres, est\u00e3o como op\u00e7\u00e3o a deputada federal Luizianne Lins, a deputada estadual Augusta Brito e a vereadora de Fortaleza Larissa Gaspar.<\/p>\n\n\n\n<p>A previs\u00e3o \u00e9 que a Conven\u00e7\u00e3o Estadual do PT seja realizada no dia 2 de agosto, em Fortaleza, com a presen\u00e7a do ex-presidente Lula, que foi oficializado ontem como candidato \u00e0 Presid\u00eancia da Rep\u00fablica tendo como vice Geraldo Alckmin (PSB).<\/p>\n\n\n\n<figure class=\"wp-block-image size-full\"><img loading=\"lazy\" decoding=\"async\" width=\"787\" height=\"389\" src=\"https:\/\/blogdorogeriogomes.com.br\/wp-content\/uploads\/2022\/07\/images-11.jpeg\" alt=\"\" class=\"wp-image-26147\" srcset=\"https:\/\/blogdorogeriogomes.com.br\/noticias\/wp-content\/uploads\/2022\/07\/images-11.jpeg 787w, https:\/\/blogdorogeriogomes.com.br\/noticias\/wp-content\/uploads\/2022\/07\/images-11-300x148.jpeg 300w, https:\/\/blogdorogeriogomes.com.br\/noticias\/wp-content\/uploads\/2022\/07\/images-11-768x380.jpeg 768w\" sizes=\"auto, (max-width: 787px) 100vw, 787px\" \/><\/figure>\n","protected":false},"excerpt":{"rendered":"<p>O ex-governador Camilo Santana (PT) segue conversando individualmente com cada partido que deve compor a alian\u00e7a para o Governo do Cear\u00e1 ap\u00f3s o rompimento pol\u00edtico com o PDT. A expectativa \u00e9 que o PT defina at\u00e9 este s\u00e1bado, dia 23 de julho, o nome de quem vai encabe\u00e7ar a chapa. O vice deve sair de algum dos partidos aliados. Entre os nomes mais cotados est\u00e3o o do vice-presidente da Assembleia Legislativa, Fernando Santana, e do deputado estadual Elmano de&hellip;<\/p>\n","protected":false},"author":1,"featured_media":26147,"comment_status":"open","ping_status":"open","sticky":false,"template":"","format":"standard","meta":{"footnotes":""},"categories":[1],"tags":[],"class_list":["post-26146","post","type-post","status-publish","format-standard","has-post-thumbnail","hentry","category-noticias"],"_links":{"self":[{"href":"https:\/\/blogdorogeriogomes.com.br\/noticias\/wp-json\/wp\/v2\/posts\/26146","targetHints":{"allow":["GET"]}}],"collection":[{"href":"https:\/\/blogdorogeriogomes.com.br\/noticias\/wp-json\/wp\/v2\/posts"}],"about":[{"href":"https:\/\/blogdorogeriogomes.com.br\/noticias\/wp-json\/wp\/v2\/types\/post"}],"author":[{"embeddable":true,"href":"https:\/\/blogdorogeriogomes.com.br\/noticias\/wp-json\/wp\/v2\/users\/1"}],"replies":[{"embeddable":true,"href":"https:\/\/blogdorogeriogomes.com.br\/noticias\/wp-json\/wp\/v2\/comments?post=26146"}],"version-history":[{"count":1,"href":"https:\/\/blogdorogeriogomes.com.br\/noticias\/wp-json\/wp\/v2\/posts\/26146\/revisions"}],"predecessor-version":[{"id":26148,"href":"https:\/\/blogdorogeriogomes.com.br\/noticias\/wp-json\/wp\/v2\/posts\/26146\/revisions\/26148"}],"wp:featuredmedia":[{"embeddable":true,"href":"https:\/\/blogdorogeriogomes.com.br\/noticias\/wp-json\/wp\/v2\/media\/26147"}],"wp:attachment":[{"href":"https:\/\/blogdorogeriogomes.com.br\/noticias\/wp-json\/wp\/v2\/media?parent=26146"}],"wp:term":[{"taxonomy":"category","embeddable":true,"href":"https:\/\/blogdorogeriogomes.com.br\/noticias\/wp-json\/wp\/v2\/categories?post=26146"},{"taxonomy":"post_tag","embeddable":true,"href":"https:\/\/blogdorogeriogomes.com.br\/noticias\/wp-json\/wp\/v2\/tags?post=26146"}],"curies":[{"name":"wp","href":"https:\/\/api.w.org\/{rel}","templated":true}]}}