{"id":26149,"date":"2022-07-23T10:46:01","date_gmt":"2022-07-23T10:46:01","guid":{"rendered":"https:\/\/blogdorogeriogomes.com.br\/?p=26149"},"modified":"2022-07-25T11:16:04","modified_gmt":"2022-07-25T11:16:04","slug":"camilo-santana-adia-anuncio-de-candidato-do-pt-vai-se-reunir-com-lula-e-tentar-atrair-psb-e-psdb-para-alianca","status":"publish","type":"post","link":"https:\/\/blogdorogeriogomes.com.br\/noticias\/2022\/07\/camilo-santana-adia-anuncio-de-candidato-do-pt-vai-se-reunir-com-lula-e-tentar-atrair-psb-e-psdb-para-alianca\/","title":{"rendered":"Camilo Santana adia an\u00fancio de candidato do PT, vai se reunir com Lula e tentar atrair PSB e PSDB para alian\u00e7a"},"content":{"rendered":"\n<p>O an\u00fancio do candidato da chapa do PT ao Governo do Cear\u00e1 que deveria acontecer neste s\u00e1bado, dia 23 de julho, foi adiado. O ex-governador Camilo Santana, que comanda as negocia\u00e7\u00f5es com outros partidos, vai a S\u00e3o Paulo para uma reuni\u00e3o como ex-presidente Lula. Na pauta est\u00e1 a busca de atrair o apoio do PSB, partido do vice de Lula, Geraldo Alckmin, na corrida presidencial. <\/p>\n\n\n\n<p>Tamb\u00e9m est\u00e1 agendado um encontro de Camillo Santana com o senador Tasso Jereissati (PSDB). O ex-governador ser\u00e1 candidato ao Senado e deve oferecer a supl\u00eancia para Chiquinho Feitosa, que \u00e9 hoje o presidente estadual do PSDB no Cear\u00e1.<\/p>\n\n\n\n<p>Na \u00faltima quinta-feira, dia 21 de julho, Camilo teve um encontro com o senador Cid Gomes (PDT) onde foi discutido o rompimento da alian\u00e7a no Estado entre PT e PDT. <\/p>\n\n\n\n<p>Em entrevista ao Di\u00e1rio do Nordeste, o prefeito de Sobral, Ivo Gomes (PDT) disse a responsabilidade pelos \u201cdanos\u201d causados \u00e0 alian\u00e7a governista \u00e9 do irm\u00e3o Ciro Gomes e do pr\u00e9-candidato escolhido pelo PDT, o ex-prefeito de Fortaleza Roberto Cl\u00e1udio.<\/p>\n\n\n\n<p>Segundo Ivo Gomes, o senador Cid Gomes \u201cfoi atropelado nas negocia\u00e7\u00f5es. Ciro e Roberto n\u00e3o conversam com ele h\u00e1 dois meses&#8221;, refor\u00e7ou. E esta seria a raz\u00e3o do afastamento de Cid Gomes da articula\u00e7\u00e3o na sucess\u00e3o estadual.<\/p>\n\n\n\n<figure class=\"wp-block-image size-full\"><img loading=\"lazy\" decoding=\"async\" width=\"700\" height=\"460\" src=\"https:\/\/blogdorogeriogomes.com.br\/wp-content\/uploads\/2022\/07\/systemuploadsnews84417a647fad4dc2564-700x460xfit-c8731.png\" alt=\"\" class=\"wp-image-26150\" srcset=\"https:\/\/blogdorogeriogomes.com.br\/noticias\/wp-content\/uploads\/2022\/07\/systemuploadsnews84417a647fad4dc2564-700x460xfit-c8731.png 700w, https:\/\/blogdorogeriogomes.com.br\/noticias\/wp-content\/uploads\/2022\/07\/systemuploadsnews84417a647fad4dc2564-700x460xfit-c8731-300x197.png 300w\" sizes=\"auto, (max-width: 700px) 100vw, 700px\" \/><\/figure>\n","protected":false},"excerpt":{"rendered":"<p>O an\u00fancio do candidato da chapa do PT ao Governo do Cear\u00e1 que deveria acontecer neste s\u00e1bado, dia 23 de julho, foi adiado. O ex-governador Camilo Santana, que comanda as negocia\u00e7\u00f5es com outros partidos, vai a S\u00e3o Paulo para uma reuni\u00e3o como ex-presidente Lula. Na pauta est\u00e1 a busca de atrair o apoio do PSB, partido do vice de Lula, Geraldo Alckmin, na corrida presidencial. Tamb\u00e9m est\u00e1 agendado um encontro de Camillo Santana com o senador Tasso Jereissati (PSDB).&hellip;<\/p>\n","protected":false},"author":1,"featured_media":26150,"comment_status":"open","ping_status":"open","sticky":false,"template":"","format":"standard","meta":{"footnotes":""},"categories":[1],"tags":[],"class_list":["post-26149","post","type-post","status-publish","format-standard","has-post-thumbnail","hentry","category-noticias"],"_links":{"self":[{"href":"https:\/\/blogdorogeriogomes.com.br\/noticias\/wp-json\/wp\/v2\/posts\/26149","targetHints":{"allow":["GET"]}}],"collection":[{"href":"https:\/\/blogdorogeriogomes.com.br\/noticias\/wp-json\/wp\/v2\/posts"}],"about":[{"href":"https:\/\/blogdorogeriogomes.com.br\/noticias\/wp-json\/wp\/v2\/types\/post"}],"author":[{"embeddable":true,"href":"https:\/\/blogdorogeriogomes.com.br\/noticias\/wp-json\/wp\/v2\/users\/1"}],"replies":[{"embeddable":true,"href":"https:\/\/blogdorogeriogomes.com.br\/noticias\/wp-json\/wp\/v2\/comments?post=26149"}],"version-history":[{"count":1,"href":"https:\/\/blogdorogeriogomes.com.br\/noticias\/wp-json\/wp\/v2\/posts\/26149\/revisions"}],"predecessor-version":[{"id":26151,"href":"https:\/\/blogdorogeriogomes.com.br\/noticias\/wp-json\/wp\/v2\/posts\/26149\/revisions\/26151"}],"wp:featuredmedia":[{"embeddable":true,"href":"https:\/\/blogdorogeriogomes.com.br\/noticias\/wp-json\/wp\/v2\/media\/26150"}],"wp:attachment":[{"href":"https:\/\/blogdorogeriogomes.com.br\/noticias\/wp-json\/wp\/v2\/media?parent=26149"}],"wp:term":[{"taxonomy":"category","embeddable":true,"href":"https:\/\/blogdorogeriogomes.com.br\/noticias\/wp-json\/wp\/v2\/categories?post=26149"},{"taxonomy":"post_tag","embeddable":true,"href":"https:\/\/blogdorogeriogomes.com.br\/noticias\/wp-json\/wp\/v2\/tags?post=26149"}],"curies":[{"name":"wp","href":"https:\/\/api.w.org\/{rel}","templated":true}]}}