{"id":26155,"date":"2022-07-24T17:17:16","date_gmt":"2022-07-24T17:17:16","guid":{"rendered":"https:\/\/blogdorogeriogomes.com.br\/?p=26155"},"modified":"2022-07-25T11:15:19","modified_gmt":"2022-07-25T11:15:19","slug":"pdt-oficializa-roberto-claudio-como-candidato-a-governador-com-domingos-filho-de-vice","status":"publish","type":"post","link":"https:\/\/blogdorogeriogomes.com.br\/noticias\/2022\/07\/pdt-oficializa-roberto-claudio-como-candidato-a-governador-com-domingos-filho-de-vice\/","title":{"rendered":"PDT oficializa Roberto Cl\u00e1udio como candidato a governador, com Domingos Filho de vice"},"content":{"rendered":"\n<p>O ex-prefeito de Fortaleza Roberto Cl\u00e1udio \u00e9 oficialmente candidato a governador do Cear\u00e1 ap\u00f3s realiza\u00e7\u00e3o da Conven\u00e7\u00e3o Estadual do PDT, neste domingo, dia 24 de julho. O candidato a vice ser\u00e1 Domingos Filho, do PSD, tamb\u00e9m presente ao evento.<\/p>\n\n\n\n<p>Na conven\u00e7\u00e3o, o presidenciavel do PDT Ciro Gomes fez cr\u00edticas ao ex-governador Camilo Santana pelo rompimento pol\u00edtico da alian\u00e7a com o PT ap\u00f3s 16 anos. <\/p>\n\n\n\n<p>&#8220;O nosso povo n\u00e3o tem culpa da vaidade e da prepot\u00eancia de lideran\u00e7as que, uma vez constru\u00eddas nessa luta e ao redor desse projeto, agora servem por uma ninharia, por um punhado de nada ou um carguinho de ministro e desertam da humildade e da luta do povo.&#8221; Ciro j\u00e1 havia falado que Camilo teria mudado de posi\u00e7\u00e3o por receber oferta de Lula (PT) para ser ministro, num eventual governo petista. <\/p>\n\n\n\n<p>Dentro do PDT, o ex-ministro foi o &#8220;padrinho&#8221; da candidatura de Roberto Cl\u00e1udio j\u00e1 que os irm\u00e3os Cid e Ivo Gomes defendiam o nome da governadora Izolda Cela. Nem Cid, nem Ivo e nem a governadora Izolda Cela participaram da Conven\u00e7\u00e3o Estadual do PDT.<\/p>\n\n\n\n<p>Pelas redes sociais, Camilo Santana (PT) publicou uma foto ao lado de Cid Gomes e Izolda Cela. &#8220;Amigos que a vida me deu e que ningu\u00e9m separa. Respeito, carinho e uni\u00e3o sempre&#8221;, disse o ex-governador.<\/p>\n\n\n\n<figure class=\"wp-block-image size-large\"><img loading=\"lazy\" decoding=\"async\" width=\"1024\" height=\"768\" src=\"https:\/\/blogdorogeriogomes.com.br\/wp-content\/uploads\/2022\/07\/roberto-claudio-e-domingos-filho-1024x768.jpeg\" alt=\"\" class=\"wp-image-26156\" srcset=\"https:\/\/blogdorogeriogomes.com.br\/noticias\/wp-content\/uploads\/2022\/07\/roberto-claudio-e-domingos-filho-1024x768.jpeg 1024w, https:\/\/blogdorogeriogomes.com.br\/noticias\/wp-content\/uploads\/2022\/07\/roberto-claudio-e-domingos-filho-300x225.jpeg 300w, https:\/\/blogdorogeriogomes.com.br\/noticias\/wp-content\/uploads\/2022\/07\/roberto-claudio-e-domingos-filho-768x576.jpeg 768w, https:\/\/blogdorogeriogomes.com.br\/noticias\/wp-content\/uploads\/2022\/07\/roberto-claudio-e-domingos-filho-800x600.jpeg 800w, https:\/\/blogdorogeriogomes.com.br\/noticias\/wp-content\/uploads\/2022\/07\/roberto-claudio-e-domingos-filho-400x300.jpeg 400w, https:\/\/blogdorogeriogomes.com.br\/noticias\/wp-content\/uploads\/2022\/07\/roberto-claudio-e-domingos-filho.jpeg 1200w\" sizes=\"auto, (max-width: 1024px) 100vw, 1024px\" \/><\/figure>\n\n\n\n<p><br><\/p>\n","protected":false},"excerpt":{"rendered":"<p>O ex-prefeito de Fortaleza Roberto Cl\u00e1udio \u00e9 oficialmente candidato a governador do Cear\u00e1 ap\u00f3s realiza\u00e7\u00e3o da Conven\u00e7\u00e3o Estadual do PDT, neste domingo, dia 24 de julho. O candidato a vice ser\u00e1 Domingos Filho, do PSD, tamb\u00e9m presente ao evento. Na conven\u00e7\u00e3o, o presidenciavel do PDT Ciro Gomes fez cr\u00edticas ao ex-governador Camilo Santana pelo rompimento pol\u00edtico da alian\u00e7a com o PT ap\u00f3s 16 anos. &#8220;O nosso povo n\u00e3o tem culpa da vaidade e da prepot\u00eancia de lideran\u00e7as que, uma&hellip;<\/p>\n","protected":false},"author":1,"featured_media":26156,"comment_status":"open","ping_status":"open","sticky":false,"template":"","format":"standard","meta":{"footnotes":""},"categories":[1],"tags":[],"class_list":["post-26155","post","type-post","status-publish","format-standard","has-post-thumbnail","hentry","category-noticias"],"_links":{"self":[{"href":"https:\/\/blogdorogeriogomes.com.br\/noticias\/wp-json\/wp\/v2\/posts\/26155","targetHints":{"allow":["GET"]}}],"collection":[{"href":"https:\/\/blogdorogeriogomes.com.br\/noticias\/wp-json\/wp\/v2\/posts"}],"about":[{"href":"https:\/\/blogdorogeriogomes.com.br\/noticias\/wp-json\/wp\/v2\/types\/post"}],"author":[{"embeddable":true,"href":"https:\/\/blogdorogeriogomes.com.br\/noticias\/wp-json\/wp\/v2\/users\/1"}],"replies":[{"embeddable":true,"href":"https:\/\/blogdorogeriogomes.com.br\/noticias\/wp-json\/wp\/v2\/comments?post=26155"}],"version-history":[{"count":1,"href":"https:\/\/blogdorogeriogomes.com.br\/noticias\/wp-json\/wp\/v2\/posts\/26155\/revisions"}],"predecessor-version":[{"id":26157,"href":"https:\/\/blogdorogeriogomes.com.br\/noticias\/wp-json\/wp\/v2\/posts\/26155\/revisions\/26157"}],"wp:featuredmedia":[{"embeddable":true,"href":"https:\/\/blogdorogeriogomes.com.br\/noticias\/wp-json\/wp\/v2\/media\/26156"}],"wp:attachment":[{"href":"https:\/\/blogdorogeriogomes.com.br\/noticias\/wp-json\/wp\/v2\/media?parent=26155"}],"wp:term":[{"taxonomy":"category","embeddable":true,"href":"https:\/\/blogdorogeriogomes.com.br\/noticias\/wp-json\/wp\/v2\/categories?post=26155"},{"taxonomy":"post_tag","embeddable":true,"href":"https:\/\/blogdorogeriogomes.com.br\/noticias\/wp-json\/wp\/v2\/tags?post=26155"}],"curies":[{"name":"wp","href":"https:\/\/api.w.org\/{rel}","templated":true}]}}