{"id":26158,"date":"2022-07-25T00:22:12","date_gmt":"2022-07-25T00:22:12","guid":{"rendered":"https:\/\/blogdorogeriogomes.com.br\/?p=26158"},"modified":"2022-07-25T11:15:10","modified_gmt":"2022-07-25T11:15:10","slug":"ao-lado-de-lula-camilo-santana-anuncia-que-elmano-de-freitas-sera-o-candidato-ao-governo-do-estado-pelo-pt","status":"publish","type":"post","link":"https:\/\/blogdorogeriogomes.com.br\/noticias\/2022\/07\/ao-lado-de-lula-camilo-santana-anuncia-que-elmano-de-freitas-sera-o-candidato-ao-governo-do-estado-pelo-pt\/","title":{"rendered":"Ao lado de Lula, Camilo Santana anuncia que Elmano de Freitas ser\u00e1 o candidato ao Governo do Estado pelo PT"},"content":{"rendered":"\n<p>Em viagem a S\u00e3o Paulo, o ex-governador Camilo Santana e o deputado estadual Elmano de Freitas se encontraram com o ex-presidente Lula e fecharam que Elmano ser\u00e1 o nome a encabe\u00e7ar a chapa do PT ao Governo do Cear\u00e1. Falta agora a defini\u00e7\u00e3o do vice, que dever\u00e1 vir de partidos aliados. Provavelmente do MDB, do ex-senador Eun\u00edcio Oliveira.<\/p>\n\n\n\n<p>Pelas redes sociais, Camilo Santana disse: &#8220;Juntos por um Cear\u00e1 cada vez mais forte. Com muito trabalho, respeito e parceria. Contra o \u00f3dio, a intoler\u00e2ncia e a mentira. Obrigado por todo o apoio, meus irm\u00e3os e irm\u00e3s cearenses! Seguimos unidos, de m\u00e3os dadas, com Elmano governador, Camilo senador e Lula presidente&#8221;. <\/p>\n\n\n\n<figure class=\"wp-block-image size-large\"><img loading=\"lazy\" decoding=\"async\" width=\"1024\" height=\"673\" src=\"https:\/\/blogdorogeriogomes.com.br\/wp-content\/uploads\/2022\/07\/IMG-20220724-WA0113-1024x673.jpg\" alt=\"\" class=\"wp-image-26159\" srcset=\"https:\/\/blogdorogeriogomes.com.br\/noticias\/wp-content\/uploads\/2022\/07\/IMG-20220724-WA0113-1024x673.jpg 1024w, https:\/\/blogdorogeriogomes.com.br\/noticias\/wp-content\/uploads\/2022\/07\/IMG-20220724-WA0113-300x197.jpg 300w, https:\/\/blogdorogeriogomes.com.br\/noticias\/wp-content\/uploads\/2022\/07\/IMG-20220724-WA0113-768x505.jpg 768w, https:\/\/blogdorogeriogomes.com.br\/noticias\/wp-content\/uploads\/2022\/07\/IMG-20220724-WA0113-800x526.jpg 800w, https:\/\/blogdorogeriogomes.com.br\/noticias\/wp-content\/uploads\/2022\/07\/IMG-20220724-WA0113.jpg 1080w\" sizes=\"auto, (max-width: 1024px) 100vw, 1024px\" \/><\/figure>\n","protected":false},"excerpt":{"rendered":"<p>Em viagem a S\u00e3o Paulo, o ex-governador Camilo Santana e o deputado estadual Elmano de Freitas se encontraram com o ex-presidente Lula e fecharam que Elmano ser\u00e1 o nome a encabe\u00e7ar a chapa do PT ao Governo do Cear\u00e1. Falta agora a defini\u00e7\u00e3o do vice, que dever\u00e1 vir de partidos aliados. Provavelmente do MDB, do ex-senador Eun\u00edcio Oliveira. Pelas redes sociais, Camilo Santana disse: &#8220;Juntos por um Cear\u00e1 cada vez mais forte. Com muito trabalho, respeito e parceria. Contra&hellip;<\/p>\n","protected":false},"author":1,"featured_media":26159,"comment_status":"open","ping_status":"open","sticky":false,"template":"","format":"standard","meta":{"footnotes":""},"categories":[1],"tags":[],"class_list":["post-26158","post","type-post","status-publish","format-standard","has-post-thumbnail","hentry","category-noticias"],"_links":{"self":[{"href":"https:\/\/blogdorogeriogomes.com.br\/noticias\/wp-json\/wp\/v2\/posts\/26158","targetHints":{"allow":["GET"]}}],"collection":[{"href":"https:\/\/blogdorogeriogomes.com.br\/noticias\/wp-json\/wp\/v2\/posts"}],"about":[{"href":"https:\/\/blogdorogeriogomes.com.br\/noticias\/wp-json\/wp\/v2\/types\/post"}],"author":[{"embeddable":true,"href":"https:\/\/blogdorogeriogomes.com.br\/noticias\/wp-json\/wp\/v2\/users\/1"}],"replies":[{"embeddable":true,"href":"https:\/\/blogdorogeriogomes.com.br\/noticias\/wp-json\/wp\/v2\/comments?post=26158"}],"version-history":[{"count":1,"href":"https:\/\/blogdorogeriogomes.com.br\/noticias\/wp-json\/wp\/v2\/posts\/26158\/revisions"}],"predecessor-version":[{"id":26160,"href":"https:\/\/blogdorogeriogomes.com.br\/noticias\/wp-json\/wp\/v2\/posts\/26158\/revisions\/26160"}],"wp:featuredmedia":[{"embeddable":true,"href":"https:\/\/blogdorogeriogomes.com.br\/noticias\/wp-json\/wp\/v2\/media\/26159"}],"wp:attachment":[{"href":"https:\/\/blogdorogeriogomes.com.br\/noticias\/wp-json\/wp\/v2\/media?parent=26158"}],"wp:term":[{"taxonomy":"category","embeddable":true,"href":"https:\/\/blogdorogeriogomes.com.br\/noticias\/wp-json\/wp\/v2\/categories?post=26158"},{"taxonomy":"post_tag","embeddable":true,"href":"https:\/\/blogdorogeriogomes.com.br\/noticias\/wp-json\/wp\/v2\/tags?post=26158"}],"curies":[{"name":"wp","href":"https:\/\/api.w.org\/{rel}","templated":true}]}}