{"id":26161,"date":"2022-07-25T09:25:24","date_gmt":"2022-07-25T09:25:24","guid":{"rendered":"https:\/\/blogdorogeriogomes.com.br\/?p=26161"},"modified":"2022-07-25T11:14:50","modified_gmt":"2022-07-25T11:14:50","slug":"capitao-wagner-fecha-alianca-com-pl-de-bolsonaro-e-deve-ter-maior-tempo-na-propaganda-eleitoral","status":"publish","type":"post","link":"https:\/\/blogdorogeriogomes.com.br\/noticias\/2022\/07\/capitao-wagner-fecha-alianca-com-pl-de-bolsonaro-e-deve-ter-maior-tempo-na-propaganda-eleitoral\/","title":{"rendered":"Capit\u00e3o Wagner fecha alian\u00e7a com PL de Bolsonaro e deve ter maior tempo na propaganda eleitoral"},"content":{"rendered":"\n<p>O l\u00edder da oposi\u00e7\u00e3o Capit\u00e3o Wagner (Uni\u00e3o Brasil) fechou alian\u00e7a no Cear\u00e1 com o PL do presidente Jair Bolsonaro para as elei\u00e7\u00f5es de outubro. No Estado, o PL \u00e9 comandado pelo prefeito do Eus\u00e9bio, Acilon Gon\u00e7alves. Acilon ainda trabalhava com a possibilidade de candidatura \u00fanica, mas acabou fechando a alian\u00e7a com Wagner que promete se engajar na campanha de Bolsonaro no Cear\u00e1.<\/p>\n\n\n\n<p>Com a parceria entre Uni\u00e3o Brasil e PL, Capit\u00e3o Wagner dever\u00e1 ter o maior tempo de propaganda eleitoral gratuita entre os candidatos ao Governo. Dever\u00e1 ser escolhido entre os quadros do PL, o candidato a vice-governador que poder\u00e1 ser uma mulher.<\/p>\n\n\n\n<figure class=\"wp-block-image size-full\"><img loading=\"lazy\" decoding=\"async\" width=\"418\" height=\"314\" src=\"https:\/\/blogdorogeriogomes.com.br\/wp-content\/uploads\/2022\/07\/PL.jpg\" alt=\"\" class=\"wp-image-26162\" srcset=\"https:\/\/blogdorogeriogomes.com.br\/noticias\/wp-content\/uploads\/2022\/07\/PL.jpg 418w, https:\/\/blogdorogeriogomes.com.br\/noticias\/wp-content\/uploads\/2022\/07\/PL-300x225.jpg 300w, https:\/\/blogdorogeriogomes.com.br\/noticias\/wp-content\/uploads\/2022\/07\/PL-400x300.jpg 400w\" sizes=\"auto, (max-width: 418px) 100vw, 418px\" \/><\/figure>\n","protected":false},"excerpt":{"rendered":"<p>O l\u00edder da oposi\u00e7\u00e3o Capit\u00e3o Wagner (Uni\u00e3o Brasil) fechou alian\u00e7a no Cear\u00e1 com o PL do presidente Jair Bolsonaro para as elei\u00e7\u00f5es de outubro. No Estado, o PL \u00e9 comandado pelo prefeito do Eus\u00e9bio, Acilon Gon\u00e7alves. Acilon ainda trabalhava com a possibilidade de candidatura \u00fanica, mas acabou fechando a alian\u00e7a com Wagner que promete se engajar na campanha de Bolsonaro no Cear\u00e1. Com a parceria entre Uni\u00e3o Brasil e PL, Capit\u00e3o Wagner dever\u00e1 ter o maior tempo de propaganda&hellip;<\/p>\n","protected":false},"author":1,"featured_media":26162,"comment_status":"open","ping_status":"open","sticky":false,"template":"","format":"standard","meta":{"footnotes":""},"categories":[1],"tags":[],"class_list":["post-26161","post","type-post","status-publish","format-standard","has-post-thumbnail","hentry","category-noticias"],"_links":{"self":[{"href":"https:\/\/blogdorogeriogomes.com.br\/noticias\/wp-json\/wp\/v2\/posts\/26161","targetHints":{"allow":["GET"]}}],"collection":[{"href":"https:\/\/blogdorogeriogomes.com.br\/noticias\/wp-json\/wp\/v2\/posts"}],"about":[{"href":"https:\/\/blogdorogeriogomes.com.br\/noticias\/wp-json\/wp\/v2\/types\/post"}],"author":[{"embeddable":true,"href":"https:\/\/blogdorogeriogomes.com.br\/noticias\/wp-json\/wp\/v2\/users\/1"}],"replies":[{"embeddable":true,"href":"https:\/\/blogdorogeriogomes.com.br\/noticias\/wp-json\/wp\/v2\/comments?post=26161"}],"version-history":[{"count":1,"href":"https:\/\/blogdorogeriogomes.com.br\/noticias\/wp-json\/wp\/v2\/posts\/26161\/revisions"}],"predecessor-version":[{"id":26163,"href":"https:\/\/blogdorogeriogomes.com.br\/noticias\/wp-json\/wp\/v2\/posts\/26161\/revisions\/26163"}],"wp:featuredmedia":[{"embeddable":true,"href":"https:\/\/blogdorogeriogomes.com.br\/noticias\/wp-json\/wp\/v2\/media\/26162"}],"wp:attachment":[{"href":"https:\/\/blogdorogeriogomes.com.br\/noticias\/wp-json\/wp\/v2\/media?parent=26161"}],"wp:term":[{"taxonomy":"category","embeddable":true,"href":"https:\/\/blogdorogeriogomes.com.br\/noticias\/wp-json\/wp\/v2\/categories?post=26161"},{"taxonomy":"post_tag","embeddable":true,"href":"https:\/\/blogdorogeriogomes.com.br\/noticias\/wp-json\/wp\/v2\/tags?post=26161"}],"curies":[{"name":"wp","href":"https:\/\/api.w.org\/{rel}","templated":true}]}}