{"id":26167,"date":"2022-07-25T10:22:14","date_gmt":"2022-07-25T10:22:14","guid":{"rendered":"https:\/\/blogdorogeriogomes.com.br\/?p=26167"},"modified":"2022-07-25T11:14:21","modified_gmt":"2022-07-25T11:14:21","slug":"hospital-universitario-walter-cantidio-realiza-mutirao-de-combate-ao-cancer-de-cabeca-e-pescoco-com-atendimento-gratuito","status":"publish","type":"post","link":"https:\/\/blogdorogeriogomes.com.br\/noticias\/2022\/07\/hospital-universitario-walter-cantidio-realiza-mutirao-de-combate-ao-cancer-de-cabeca-e-pescoco-com-atendimento-gratuito\/","title":{"rendered":"Hospital Universit\u00e1rio Walter Cant\u00eddio realiza mutir\u00e3o de combate ao c\u00e2ncer de cabe\u00e7a e pesco\u00e7o com atendimento gratuito"},"content":{"rendered":"\n<p>O c\u00e2ncer de cabe\u00e7a e pesco\u00e7o passou a ocupar a terceira posi\u00e7\u00e3o entre os tumores mais frequentes na popula\u00e7\u00e3o brasileira, segundo a Associa\u00e7\u00e3o de C\u00e2ncer de Boca e Garganta (ACBG Brasil). Diante desse quadro preocupante e com a proximidade do Dia Mundial de Conscientiza\u00e7\u00e3o e Combate ao C\u00e2ncer de Cabe\u00e7a e Pesco\u00e7o, celebrado em 27 de julho, o Hospital Universit\u00e1rio Walter Cant\u00eddio, do Complexo Hospitalar da UFC\/Ebserh, vai realizar mutir\u00e3o para 200 atendimentos nesta segunda-feira, dia 25 de julho, das 7 \u00e0s 11 horas, no espa\u00e7o das Mangueiras, no estacionamento da Faculdade de Medicina da Universidade Federal do Cear\u00e1 (Famed\/UFC) \u2013 Rua Alexandre Bara\u00fana, 949, Rodolfo Te\u00f3filo.<\/p>\n\n\n\n<p>O m\u00e9dico do Servi\u00e7o de Cirurgia de Cabe\u00e7a e Pesco\u00e7o do HUWC e professor da Famed, Lu\u00eds Alberto Albano Ferreira, explica que ser\u00e3o distribu\u00eddas 200 senhas para atendimento. Portanto, o mutir\u00e3o segue at\u00e9 o \u00faltimo atendimento das 200 primeiras pessoas que chegarem ao mutir\u00e3o, o que pode ocorrer antes das 11h. \u201cAinda vivemos uma pandemia. Precisamos realizar uma a\u00e7\u00e3o organizada e sem aglomera\u00e7\u00e3o. Por isso, o nosso cuidado com essa entrega\u201d, destaca. A equipe do Servi\u00e7o de Cirurgia de Cabe\u00e7a e Pesco\u00e7o do Hospital Universit\u00e1rio, que \u00e9 formada por professores, m\u00e9dicos assistentes e residentes, vai oferecer atendimentos de triagem a fim de diagnosticar precocemente o c\u00e2ncer de cabe\u00e7a e pesco\u00e7o.<\/p>\n\n\n\n<p>Para refor\u00e7ar o time no dia do mutir\u00e3o, tamb\u00e9m foram convidadas a participar as equipes das especialidades de Otorrinolaringologia, Fonoaudiologia e Odontologia, \u00e1reas sempre parceiras do Servi\u00e7o de Cirurgia de Cabe\u00e7a e Pesco\u00e7o. M\u00e1rcio Ribeiro Studart da Fonseca, chefe do Servi\u00e7o, explica que a a\u00e7\u00e3o \u00e9 aberta a pessoas com n\u00f3dulos cervicais (caro\u00e7os no pesco\u00e7o), rouquid\u00e3o persistente, dor ao engolir e sangramentos ou algum desconforto, dor ou inflama\u00e7\u00e3o na cavidade oral ou nasal. \u201cTamb\u00e9m ser\u00e3o realizados exames de manchas, sinais e feridas de pele na busca por les\u00f5es malignas em est\u00e1gio inicial\u201d, acrescenta o especialista.<\/p>\n\n\n\n<p>Al\u00e9m disso, os acad\u00eamicos participantes da Liga de Cirurgia de Cabe\u00e7a e Pesco\u00e7o v\u00e3o realizar a\u00e7\u00f5es de educa\u00e7\u00e3o em sa\u00fade e atividades de conscientiza\u00e7\u00e3o e informa\u00e7\u00e3o sobre preven\u00e7\u00e3o, diagn\u00f3stico, tratamento e reabilita\u00e7\u00e3o desse tipo de c\u00e2ncer. A Campanha Julho Verde, de conscientiza\u00e7\u00e3o e combate ao c\u00e2ncer de cabe\u00e7a e pesco\u00e7o, ocorre anualmente e faz parte do calend\u00e1rio oficial da Sociedade Brasileira de Cirurgia de Cabe\u00e7a e Pesco\u00e7o (SBCCP).<\/p>\n\n\n\n<p>Segundo a SBCCP, os tumores malignos (c\u00e2ncer) que aparecem na boca, orofaringe, laringe (local onde est\u00e3o as cordas vocais), nariz, seios nasais, nasofaringe, \u00f3rbita (cavidade do esqueleto da face em forma de pir\u00e2mide onde est\u00e3o inseridos o bulbo do olho, m\u00fasculos, nervos, vasos e o aparelho lacrimal), pesco\u00e7o, tireoide, couro cabeludo, pele do rosto e do pesco\u00e7o s\u00e3o chamados de C\u00e2ncer de Cabe\u00e7a e Pesco\u00e7o. \u00c9 um problema de sa\u00fade p\u00fablica. A maioria dos casos \u00e9 diagnosticada j\u00e1 em fase avan\u00e7ada da doen\u00e7a (60% dos casos), o que impacta negativamente na sobrevida do paciente. Por outro lado, os resultados obtidos nos diversos servi\u00e7os de cirurgia de cabe\u00e7a e pesco\u00e7o mostram que o percentual de cura gira em torno de 90% quando a doen\u00e7a \u00e9 diagnosticada e tratada em fase inicial.<\/p>\n\n\n\n<p>Os pacientes recebidos nesses ambulat\u00f3rios s\u00e3o aqueles encaminhados das unidades b\u00e1sicas de sa\u00fade via sistema de regula\u00e7\u00e3o de consultas da Prefeitura de Fortaleza. O HUWC n\u00e3o disp\u00f5e de servi\u00e7o de emerg\u00eancia.<\/p>\n\n\n\n<figure class=\"wp-block-image size-large\"><img loading=\"lazy\" decoding=\"async\" width=\"1024\" height=\"682\" src=\"https:\/\/blogdorogeriogomes.com.br\/wp-content\/uploads\/2022\/07\/IMG-20220721-WA0038-1024x682.jpg\" alt=\"\" class=\"wp-image-26168\" srcset=\"https:\/\/blogdorogeriogomes.com.br\/noticias\/wp-content\/uploads\/2022\/07\/IMG-20220721-WA0038-1024x682.jpg 1024w, https:\/\/blogdorogeriogomes.com.br\/noticias\/wp-content\/uploads\/2022\/07\/IMG-20220721-WA0038-300x200.jpg 300w, https:\/\/blogdorogeriogomes.com.br\/noticias\/wp-content\/uploads\/2022\/07\/IMG-20220721-WA0038-768x512.jpg 768w, https:\/\/blogdorogeriogomes.com.br\/noticias\/wp-content\/uploads\/2022\/07\/IMG-20220721-WA0038-800x533.jpg 800w, https:\/\/blogdorogeriogomes.com.br\/noticias\/wp-content\/uploads\/2022\/07\/IMG-20220721-WA0038.jpg 1280w\" sizes=\"auto, (max-width: 1024px) 100vw, 1024px\" \/><\/figure>\n\n\n\n<p><\/p>\n\n\n\n<p><\/p>\n\n\n\n<p><\/p>\n","protected":false},"excerpt":{"rendered":"<p>O c\u00e2ncer de cabe\u00e7a e pesco\u00e7o passou a ocupar a terceira posi\u00e7\u00e3o entre os tumores mais frequentes na popula\u00e7\u00e3o brasileira, segundo a Associa\u00e7\u00e3o de C\u00e2ncer de Boca e Garganta (ACBG Brasil). Diante desse quadro preocupante e com a proximidade do Dia Mundial de Conscientiza\u00e7\u00e3o e Combate ao C\u00e2ncer de Cabe\u00e7a e Pesco\u00e7o, celebrado em 27 de julho, o Hospital Universit\u00e1rio Walter Cant\u00eddio, do Complexo Hospitalar da UFC\/Ebserh, vai realizar mutir\u00e3o para 200 atendimentos nesta segunda-feira, dia 25 de julho,&hellip;<\/p>\n","protected":false},"author":1,"featured_media":26168,"comment_status":"open","ping_status":"open","sticky":false,"template":"","format":"standard","meta":{"footnotes":""},"categories":[1],"tags":[],"class_list":["post-26167","post","type-post","status-publish","format-standard","has-post-thumbnail","hentry","category-noticias"],"_links":{"self":[{"href":"https:\/\/blogdorogeriogomes.com.br\/noticias\/wp-json\/wp\/v2\/posts\/26167","targetHints":{"allow":["GET"]}}],"collection":[{"href":"https:\/\/blogdorogeriogomes.com.br\/noticias\/wp-json\/wp\/v2\/posts"}],"about":[{"href":"https:\/\/blogdorogeriogomes.com.br\/noticias\/wp-json\/wp\/v2\/types\/post"}],"author":[{"embeddable":true,"href":"https:\/\/blogdorogeriogomes.com.br\/noticias\/wp-json\/wp\/v2\/users\/1"}],"replies":[{"embeddable":true,"href":"https:\/\/blogdorogeriogomes.com.br\/noticias\/wp-json\/wp\/v2\/comments?post=26167"}],"version-history":[{"count":1,"href":"https:\/\/blogdorogeriogomes.com.br\/noticias\/wp-json\/wp\/v2\/posts\/26167\/revisions"}],"predecessor-version":[{"id":26169,"href":"https:\/\/blogdorogeriogomes.com.br\/noticias\/wp-json\/wp\/v2\/posts\/26167\/revisions\/26169"}],"wp:featuredmedia":[{"embeddable":true,"href":"https:\/\/blogdorogeriogomes.com.br\/noticias\/wp-json\/wp\/v2\/media\/26168"}],"wp:attachment":[{"href":"https:\/\/blogdorogeriogomes.com.br\/noticias\/wp-json\/wp\/v2\/media?parent=26167"}],"wp:term":[{"taxonomy":"category","embeddable":true,"href":"https:\/\/blogdorogeriogomes.com.br\/noticias\/wp-json\/wp\/v2\/categories?post=26167"},{"taxonomy":"post_tag","embeddable":true,"href":"https:\/\/blogdorogeriogomes.com.br\/noticias\/wp-json\/wp\/v2\/tags?post=26167"}],"curies":[{"name":"wp","href":"https:\/\/api.w.org\/{rel}","templated":true}]}}