{"id":26170,"date":"2022-07-25T10:53:51","date_gmt":"2022-07-25T10:53:51","guid":{"rendered":"https:\/\/blogdorogeriogomes.com.br\/?p=26170"},"modified":"2022-07-25T11:14:13","modified_gmt":"2022-07-25T11:14:13","slug":"convencao-do-psd-em-taua-confirma-domingos-filho-como-vice-de-roberto-claudio-e-candidaturas-a-deputados-federais-e-estaduais","status":"publish","type":"post","link":"https:\/\/blogdorogeriogomes.com.br\/noticias\/2022\/07\/convencao-do-psd-em-taua-confirma-domingos-filho-como-vice-de-roberto-claudio-e-candidaturas-a-deputados-federais-e-estaduais\/","title":{"rendered":"Conven\u00e7\u00e3o do PSD em Tau\u00e1 confirma Domingos Filho como vice de Roberto Cl\u00e1udio e candidaturas a deputados federais e estaduais"},"content":{"rendered":"\n<p>O presidente estadual do PSD, Domingos Filho, comandou a Conven\u00e7\u00e3o Estadual do PSD, em Tau\u00e1, na noite deste domingo, dia 24 de julho. Domingos Filho foi confirmado como o candidato a vice-governador na chapa com Roberto Cl\u00e1udio (PDT), que tamb\u00e9m foi a Tau\u00e1 para a conven\u00e7\u00e3o do PSD que ratificou seus candidatos a deputados federais e estaduais. A meta do PSD \u00e9 eleger cinco deputados federais e oito deputados estaduais.<\/p>\n\n\n\n<p>Domingos Filho j\u00e1 foi vice-Governador do Cear\u00e1 e presidente do Tribunal de Contas dos Munic\u00edpios (TCM). &#8220;Constru\u00edmos um projeto pol\u00edtico inclusivo com a cara do nosso povo, percorremos todo o Cear\u00e1. A base est\u00e1 pronta, unificada e a todo vapor, esperando a nossa sinaliza\u00e7\u00e3o que j\u00e1 nos coloca numa situa\u00e7\u00e3o favor\u00e1vel. Nossa bandeira \u00e9 pela unidade, perseveran\u00e7a e lealdade&#8221;, disse Domingos Filho.&nbsp;<\/p>\n\n\n\n<figure class=\"wp-block-image size-full\"><img loading=\"lazy\" decoding=\"async\" width=\"940\" height=\"864\" src=\"https:\/\/blogdorogeriogomes.com.br\/wp-content\/uploads\/2022\/07\/IMG-20220725-WA0007.jpg\" alt=\"\" class=\"wp-image-26171\" srcset=\"https:\/\/blogdorogeriogomes.com.br\/noticias\/wp-content\/uploads\/2022\/07\/IMG-20220725-WA0007.jpg 940w, https:\/\/blogdorogeriogomes.com.br\/noticias\/wp-content\/uploads\/2022\/07\/IMG-20220725-WA0007-300x276.jpg 300w, https:\/\/blogdorogeriogomes.com.br\/noticias\/wp-content\/uploads\/2022\/07\/IMG-20220725-WA0007-768x706.jpg 768w, https:\/\/blogdorogeriogomes.com.br\/noticias\/wp-content\/uploads\/2022\/07\/IMG-20220725-WA0007-800x735.jpg 800w\" sizes=\"auto, (max-width: 940px) 100vw, 940px\" \/><\/figure>\n","protected":false},"excerpt":{"rendered":"<p>O presidente estadual do PSD, Domingos Filho, comandou a Conven\u00e7\u00e3o Estadual do PSD, em Tau\u00e1, na noite deste domingo, dia 24 de julho. Domingos Filho foi confirmado como o candidato a vice-governador na chapa com Roberto Cl\u00e1udio (PDT), que tamb\u00e9m foi a Tau\u00e1 para a conven\u00e7\u00e3o do PSD que ratificou seus candidatos a deputados federais e estaduais. A meta do PSD \u00e9 eleger cinco deputados federais e oito deputados estaduais. Domingos Filho j\u00e1 foi vice-Governador do Cear\u00e1 e presidente&hellip;<\/p>\n","protected":false},"author":1,"featured_media":26171,"comment_status":"open","ping_status":"open","sticky":false,"template":"","format":"standard","meta":{"footnotes":""},"categories":[1],"tags":[],"class_list":["post-26170","post","type-post","status-publish","format-standard","has-post-thumbnail","hentry","category-noticias"],"_links":{"self":[{"href":"https:\/\/blogdorogeriogomes.com.br\/noticias\/wp-json\/wp\/v2\/posts\/26170","targetHints":{"allow":["GET"]}}],"collection":[{"href":"https:\/\/blogdorogeriogomes.com.br\/noticias\/wp-json\/wp\/v2\/posts"}],"about":[{"href":"https:\/\/blogdorogeriogomes.com.br\/noticias\/wp-json\/wp\/v2\/types\/post"}],"author":[{"embeddable":true,"href":"https:\/\/blogdorogeriogomes.com.br\/noticias\/wp-json\/wp\/v2\/users\/1"}],"replies":[{"embeddable":true,"href":"https:\/\/blogdorogeriogomes.com.br\/noticias\/wp-json\/wp\/v2\/comments?post=26170"}],"version-history":[{"count":3,"href":"https:\/\/blogdorogeriogomes.com.br\/noticias\/wp-json\/wp\/v2\/posts\/26170\/revisions"}],"predecessor-version":[{"id":26174,"href":"https:\/\/blogdorogeriogomes.com.br\/noticias\/wp-json\/wp\/v2\/posts\/26170\/revisions\/26174"}],"wp:featuredmedia":[{"embeddable":true,"href":"https:\/\/blogdorogeriogomes.com.br\/noticias\/wp-json\/wp\/v2\/media\/26171"}],"wp:attachment":[{"href":"https:\/\/blogdorogeriogomes.com.br\/noticias\/wp-json\/wp\/v2\/media?parent=26170"}],"wp:term":[{"taxonomy":"category","embeddable":true,"href":"https:\/\/blogdorogeriogomes.com.br\/noticias\/wp-json\/wp\/v2\/categories?post=26170"},{"taxonomy":"post_tag","embeddable":true,"href":"https:\/\/blogdorogeriogomes.com.br\/noticias\/wp-json\/wp\/v2\/tags?post=26170"}],"curies":[{"name":"wp","href":"https:\/\/api.w.org\/{rel}","templated":true}]}}