{"id":26184,"date":"2022-07-25T23:49:34","date_gmt":"2022-07-25T23:49:34","guid":{"rendered":"https:\/\/blogdorogeriogomes.com.br\/?p=26184"},"modified":"2022-07-26T11:09:58","modified_gmt":"2022-07-26T11:09:58","slug":"camilo-negocia-nacionalmente-com-psb-e-psdb-para-reforcar-arco-de-alianca-na-disputa-pelo-governo-do-ceara-com-elmano-de-freitas","status":"publish","type":"post","link":"https:\/\/blogdorogeriogomes.com.br\/noticias\/2022\/07\/camilo-negocia-nacionalmente-com-psb-e-psdb-para-reforcar-arco-de-alianca-na-disputa-pelo-governo-do-ceara-com-elmano-de-freitas\/","title":{"rendered":"Camilo negocia nacionalmente com PSB e PSDB para refor\u00e7ar arco de alian\u00e7a na disputa pelo Governo do Cear\u00e1 com Elmano de Freitas"},"content":{"rendered":"\n<p>A segunda-feira foi de articula\u00e7\u00f5es pol\u00edticas do ex-governador Camilo Santana (PT) em Bras\u00edlia. Acompanhado do pr\u00e9 -candidato ao Governo do Estado pelo PT, Elmano de Freitas e do presidente estadual do PP, Zezinho Albuquerque, Camilo buscava conversas de aproxima\u00e7\u00e3o com o PSB, presidido por Carlos Siqueira. Os contatos para que o PSB ocupe o arco de alian\u00e7a no Cear\u00e1 come\u00e7aram no domingo passado em reuni\u00e3o com Lula, em S\u00e3o Paulo. O vice de Lula, Geraldo Alckmin, integra o PSB. No \u00faltimo fim de semana, o presidente estadual do PSB no Cear\u00e1, Denis Bezerra, anunciou apoio \u00e0 candidatura de Roberto Cl\u00e1udio (PDT), mas integrantes do partido cobram discuss\u00e3o interna para rever o posicionamento.<\/p>\n\n\n\n<p>Outro partido que Camilo Santana pretende trazer para o apoio a Elmano de Freitas \u00e9 o PSDB. O senador Tasso Jereissati se encontrou na \u00faltima sexta-feira com Eudoro Santana, pai de Camilo. Nesta ter\u00e7a-feira, o ex-governador deve conversar pessoalmente com Tasso.<\/p>\n\n\n\n<p>Mas o ex-presidente Lula deve entrar pessoalmente nas negocia\u00e7\u00f5es. H\u00e1 um encontro agendado entre Lula e Tasso Jereissati nesta quarta-feira, dia 27 de julho, em S\u00e3o Paulo.<\/p>\n\n\n\n<p>A proposta do PT \u00e9 lan\u00e7ar a candidatura de Elmano de Freitas no pr\u00f3ximo s\u00e1bado, dia 30 de julho, no Centro de Eventos do Cear\u00e1, com a presen\u00e7a do ex-presidente Lula. O presidenciavel petista ainda iria fazer uma visita a Jati, no Cariri, por onde entram as \u00e1guas da transposi\u00e7\u00e3o do S\u00e3o Francisco no Estado.<\/p>\n\n\n\n<figure class=\"wp-block-image size-large\"><img loading=\"lazy\" decoding=\"async\" width=\"1024\" height=\"695\" src=\"https:\/\/blogdorogeriogomes.com.br\/wp-content\/uploads\/2022\/07\/whatsapp_image_2021_08_23_at_3_07_25_pm-16892309-1024x695.jpeg\" alt=\"\" class=\"wp-image-26185\" srcset=\"https:\/\/blogdorogeriogomes.com.br\/noticias\/wp-content\/uploads\/2022\/07\/whatsapp_image_2021_08_23_at_3_07_25_pm-16892309-1024x695.jpeg 1024w, https:\/\/blogdorogeriogomes.com.br\/noticias\/wp-content\/uploads\/2022\/07\/whatsapp_image_2021_08_23_at_3_07_25_pm-16892309-300x204.jpeg 300w, https:\/\/blogdorogeriogomes.com.br\/noticias\/wp-content\/uploads\/2022\/07\/whatsapp_image_2021_08_23_at_3_07_25_pm-16892309-768x522.jpeg 768w, https:\/\/blogdorogeriogomes.com.br\/noticias\/wp-content\/uploads\/2022\/07\/whatsapp_image_2021_08_23_at_3_07_25_pm-16892309-1536x1043.jpeg 1536w, https:\/\/blogdorogeriogomes.com.br\/noticias\/wp-content\/uploads\/2022\/07\/whatsapp_image_2021_08_23_at_3_07_25_pm-16892309-800x543.jpeg 800w, https:\/\/blogdorogeriogomes.com.br\/noticias\/wp-content\/uploads\/2022\/07\/whatsapp_image_2021_08_23_at_3_07_25_pm-16892309.jpeg 1920w\" sizes=\"auto, (max-width: 1024px) 100vw, 1024px\" \/><\/figure>\n","protected":false},"excerpt":{"rendered":"<p>A segunda-feira foi de articula\u00e7\u00f5es pol\u00edticas do ex-governador Camilo Santana (PT) em Bras\u00edlia. Acompanhado do pr\u00e9 -candidato ao Governo do Estado pelo PT, Elmano de Freitas e do presidente estadual do PP, Zezinho Albuquerque, Camilo buscava conversas de aproxima\u00e7\u00e3o com o PSB, presidido por Carlos Siqueira. Os contatos para que o PSB ocupe o arco de alian\u00e7a no Cear\u00e1 come\u00e7aram no domingo passado em reuni\u00e3o com Lula, em S\u00e3o Paulo. O vice de Lula, Geraldo Alckmin, integra o PSB.&hellip;<\/p>\n","protected":false},"author":1,"featured_media":26185,"comment_status":"open","ping_status":"open","sticky":false,"template":"","format":"standard","meta":{"footnotes":""},"categories":[1],"tags":[],"class_list":["post-26184","post","type-post","status-publish","format-standard","has-post-thumbnail","hentry","category-noticias"],"_links":{"self":[{"href":"https:\/\/blogdorogeriogomes.com.br\/noticias\/wp-json\/wp\/v2\/posts\/26184","targetHints":{"allow":["GET"]}}],"collection":[{"href":"https:\/\/blogdorogeriogomes.com.br\/noticias\/wp-json\/wp\/v2\/posts"}],"about":[{"href":"https:\/\/blogdorogeriogomes.com.br\/noticias\/wp-json\/wp\/v2\/types\/post"}],"author":[{"embeddable":true,"href":"https:\/\/blogdorogeriogomes.com.br\/noticias\/wp-json\/wp\/v2\/users\/1"}],"replies":[{"embeddable":true,"href":"https:\/\/blogdorogeriogomes.com.br\/noticias\/wp-json\/wp\/v2\/comments?post=26184"}],"version-history":[{"count":2,"href":"https:\/\/blogdorogeriogomes.com.br\/noticias\/wp-json\/wp\/v2\/posts\/26184\/revisions"}],"predecessor-version":[{"id":26187,"href":"https:\/\/blogdorogeriogomes.com.br\/noticias\/wp-json\/wp\/v2\/posts\/26184\/revisions\/26187"}],"wp:featuredmedia":[{"embeddable":true,"href":"https:\/\/blogdorogeriogomes.com.br\/noticias\/wp-json\/wp\/v2\/media\/26185"}],"wp:attachment":[{"href":"https:\/\/blogdorogeriogomes.com.br\/noticias\/wp-json\/wp\/v2\/media?parent=26184"}],"wp:term":[{"taxonomy":"category","embeddable":true,"href":"https:\/\/blogdorogeriogomes.com.br\/noticias\/wp-json\/wp\/v2\/categories?post=26184"},{"taxonomy":"post_tag","embeddable":true,"href":"https:\/\/blogdorogeriogomes.com.br\/noticias\/wp-json\/wp\/v2\/tags?post=26184"}],"curies":[{"name":"wp","href":"https:\/\/api.w.org\/{rel}","templated":true}]}}