{"id":26191,"date":"2022-07-26T11:09:50","date_gmt":"2022-07-26T11:09:50","guid":{"rendered":"https:\/\/blogdorogeriogomes.com.br\/?p=26191"},"modified":"2022-07-29T11:36:42","modified_gmt":"2022-07-29T11:36:42","slug":"voo-direto-entre-fortaleza-e-miami-e-retomado-apos-dois-anos-sem-operacao","status":"publish","type":"post","link":"https:\/\/blogdorogeriogomes.com.br\/noticias\/2022\/07\/voo-direto-entre-fortaleza-e-miami-e-retomado-apos-dois-anos-sem-operacao\/","title":{"rendered":"Voo direto entre Fortaleza e Miami \u00e9 retomado ap\u00f3s dois anos sem opera\u00e7\u00e3o"},"content":{"rendered":"\n<p>O voo direto entre Fortaleza e Miami pela Latam Airlines retornou nesta segunda-feira, dia 25 de julho, ap\u00f3s ficar suspenso desde abril de 2020 em fun\u00e7\u00e3o da pandemia de Covid-19. A estimativa do Governo do Cear\u00e1 \u00e9 que Fortaleza tenha tr\u00eas voos diretos at\u00e9 outubro.<\/p>\n\n\n\n<p>Fora do eixo Rio-S\u00e3o Paulo, o aeroporto de Fortaleza \u00e9 o segundo a contar com mais destinos internacionais, depois de Porto Alegre. Ao todo, a rota reduz pela metade (de 16h para 7h40min) o tempo de viagem por trecho em compara\u00e7\u00e3o com voo com conex\u00e3o no aeroporto de Guarulhos, em S\u00e3o Paulo.<\/p>\n\n\n\n<p>De Fortaleza para Miami, os voos decolam nas quartas-feiras \u00e0s 15h35min, com dura\u00e7\u00e3o de 7h40min. No sentido inverso os voos decolam nas quintas-feiras \u00e0s 0h15min, com 7h05min de dura\u00e7\u00e3o.<\/p>\n\n\n\n<figure class=\"wp-block-image size-full\"><img loading=\"lazy\" decoding=\"async\" width=\"984\" height=\"656\" src=\"https:\/\/blogdorogeriogomes.com.br\/wp-content\/uploads\/2022\/07\/e8ecb5c0-7cfd-40fd-b0c8-01eb785eaa9c.jpg\" alt=\"\" class=\"wp-image-26192\" srcset=\"https:\/\/blogdorogeriogomes.com.br\/noticias\/wp-content\/uploads\/2022\/07\/e8ecb5c0-7cfd-40fd-b0c8-01eb785eaa9c.jpg 984w, https:\/\/blogdorogeriogomes.com.br\/noticias\/wp-content\/uploads\/2022\/07\/e8ecb5c0-7cfd-40fd-b0c8-01eb785eaa9c-300x200.jpg 300w, https:\/\/blogdorogeriogomes.com.br\/noticias\/wp-content\/uploads\/2022\/07\/e8ecb5c0-7cfd-40fd-b0c8-01eb785eaa9c-768x512.jpg 768w, https:\/\/blogdorogeriogomes.com.br\/noticias\/wp-content\/uploads\/2022\/07\/e8ecb5c0-7cfd-40fd-b0c8-01eb785eaa9c-800x533.jpg 800w\" sizes=\"auto, (max-width: 984px) 100vw, 984px\" \/><\/figure>\n","protected":false},"excerpt":{"rendered":"<p>O voo direto entre Fortaleza e Miami pela Latam Airlines retornou nesta segunda-feira, dia 25 de julho, ap\u00f3s ficar suspenso desde abril de 2020 em fun\u00e7\u00e3o da pandemia de Covid-19. A estimativa do Governo do Cear\u00e1 \u00e9 que Fortaleza tenha tr\u00eas voos diretos at\u00e9 outubro. Fora do eixo Rio-S\u00e3o Paulo, o aeroporto de Fortaleza \u00e9 o segundo a contar com mais destinos internacionais, depois de Porto Alegre. Ao todo, a rota reduz pela metade (de 16h para 7h40min) o&hellip;<\/p>\n","protected":false},"author":1,"featured_media":26192,"comment_status":"open","ping_status":"open","sticky":false,"template":"","format":"standard","meta":{"footnotes":""},"categories":[1],"tags":[],"class_list":["post-26191","post","type-post","status-publish","format-standard","has-post-thumbnail","hentry","category-noticias"],"_links":{"self":[{"href":"https:\/\/blogdorogeriogomes.com.br\/noticias\/wp-json\/wp\/v2\/posts\/26191","targetHints":{"allow":["GET"]}}],"collection":[{"href":"https:\/\/blogdorogeriogomes.com.br\/noticias\/wp-json\/wp\/v2\/posts"}],"about":[{"href":"https:\/\/blogdorogeriogomes.com.br\/noticias\/wp-json\/wp\/v2\/types\/post"}],"author":[{"embeddable":true,"href":"https:\/\/blogdorogeriogomes.com.br\/noticias\/wp-json\/wp\/v2\/users\/1"}],"replies":[{"embeddable":true,"href":"https:\/\/blogdorogeriogomes.com.br\/noticias\/wp-json\/wp\/v2\/comments?post=26191"}],"version-history":[{"count":1,"href":"https:\/\/blogdorogeriogomes.com.br\/noticias\/wp-json\/wp\/v2\/posts\/26191\/revisions"}],"predecessor-version":[{"id":26194,"href":"https:\/\/blogdorogeriogomes.com.br\/noticias\/wp-json\/wp\/v2\/posts\/26191\/revisions\/26194"}],"wp:featuredmedia":[{"embeddable":true,"href":"https:\/\/blogdorogeriogomes.com.br\/noticias\/wp-json\/wp\/v2\/media\/26192"}],"wp:attachment":[{"href":"https:\/\/blogdorogeriogomes.com.br\/noticias\/wp-json\/wp\/v2\/media?parent=26191"}],"wp:term":[{"taxonomy":"category","embeddable":true,"href":"https:\/\/blogdorogeriogomes.com.br\/noticias\/wp-json\/wp\/v2\/categories?post=26191"},{"taxonomy":"post_tag","embeddable":true,"href":"https:\/\/blogdorogeriogomes.com.br\/noticias\/wp-json\/wp\/v2\/tags?post=26191"}],"curies":[{"name":"wp","href":"https:\/\/api.w.org\/{rel}","templated":true}]}}