{"id":26196,"date":"2022-07-26T20:49:49","date_gmt":"2022-07-26T20:49:49","guid":{"rendered":"https:\/\/blogdorogeriogomes.com.br\/?p=26196"},"modified":"2022-07-29T11:36:34","modified_gmt":"2022-07-29T11:36:34","slug":"governadora-izolda-cela-anuncia-desfiliacao-do-pdt-apos-ser-impedida-de-disputar-a-reeleicao-em-outubro","status":"publish","type":"post","link":"https:\/\/blogdorogeriogomes.com.br\/noticias\/2022\/07\/governadora-izolda-cela-anuncia-desfiliacao-do-pdt-apos-ser-impedida-de-disputar-a-reeleicao-em-outubro\/","title":{"rendered":"Governadora Izolda Cela anuncia desfilia\u00e7\u00e3o do PDT ap\u00f3s ser impedida de disputar a reelei\u00e7\u00e3o em outubro"},"content":{"rendered":"\n<p>A governadora do Cear\u00e1, Izolda Cela, anunciou no fim da tarde desta ter\u00e7a-feira, dia 26 de julho, o seu pedido de desfilia\u00e7\u00e3o do PDT. A decis\u00e3o teve como base o fato do partido ter lhe impedido de disputar a reelei\u00e7\u00e3o ao Governo do Cear\u00e1, em outubro. O Diret\u00f3rio Estadual do PDT optou em escolher o ex-prefeito de Fortaleza, Roberto Cl\u00e1udio, para ser o candidato. <\/p>\n\n\n\n<p>Roberto Cl\u00e1udio recebeu o apoio da c\u00fapula nacional do PDT e do presidenciavel Ciro Gomes, mas o fato causou a implos\u00e3o do arco de alian\u00e7a de partidos da base governista. O PT, sob o comando do ex-governador Camilo Santana, que apoiava o nome de Izolda Cela, decidiu agora lan\u00e7ar o deputado estadual Elmano de Freitas.<\/p>\n\n\n\n<p>&#8220;Temos hoje, atrav\u00e9s de leg\u00edtima decis\u00e3o dos partidos que t\u00eam ajudado a construir esse Projeto em prol do Cear\u00e1, duas candidaturas lan\u00e7adas ao Governo do Estado. Poder\u00edamos j\u00e1 estar todos unidos contra o fascismo, a intoler\u00e2ncia e o \u00f3dio. Defendi isso desde o in\u00edcio, juntamente com Cid, Camilo e tantos outros. Diante desta nova realidade, e respeitando as decis\u00f5es tomadas, anuncio o meu pedido de desfilia\u00e7\u00e3o do PDT. Sigo com determina\u00e7\u00e3o para cumprir esta honrosa tarefa no comando do Governo do Estado, pedindo sempre as b\u00ean\u00e7\u00e3os de Deus para fazer o melhor para os cearenses&#8221;, declarou a governadora Izolda Cela.<\/p>\n\n\n\n<p>Nos bastidores pol\u00edticos, a informa\u00e7\u00e3o \u00e9 que Izolda Cela deve vir a se filiar ao PT, o que permitir\u00e1 a ela apoiar abertamente a candidatura de Elmano de Freitas s\u00f3 Governo do Cear\u00e1. Ou seja, Izolda seguir\u00e1 firme ao lado de Camilo Santana.<\/p>\n\n\n\n<p>Segundo o presidente estadual do PDT, Andr\u00e9 Figueiredo, nesta ter\u00e7a-feira, Izolda promoveu v\u00e1rias exonera\u00e7\u00f5es nos tr\u00eas escal\u00f5es do Governo do Cear\u00e1, todos ligados ao grupo de apoio \u00e0 candidatura de Roberto Cl\u00e1udio (PDT).<\/p>\n\n\n\n<figure class=\"wp-block-image size-full\"><img loading=\"lazy\" decoding=\"async\" width=\"678\" height=\"452\" src=\"https:\/\/blogdorogeriogomes.com.br\/wp-content\/uploads\/2022\/07\/images-15.jpeg\" alt=\"\" class=\"wp-image-26197\" srcset=\"https:\/\/blogdorogeriogomes.com.br\/noticias\/wp-content\/uploads\/2022\/07\/images-15.jpeg 678w, https:\/\/blogdorogeriogomes.com.br\/noticias\/wp-content\/uploads\/2022\/07\/images-15-300x200.jpeg 300w\" sizes=\"auto, (max-width: 678px) 100vw, 678px\" \/><\/figure>\n","protected":false},"excerpt":{"rendered":"<p>A governadora do Cear\u00e1, Izolda Cela, anunciou no fim da tarde desta ter\u00e7a-feira, dia 26 de julho, o seu pedido de desfilia\u00e7\u00e3o do PDT. A decis\u00e3o teve como base o fato do partido ter lhe impedido de disputar a reelei\u00e7\u00e3o ao Governo do Cear\u00e1, em outubro. O Diret\u00f3rio Estadual do PDT optou em escolher o ex-prefeito de Fortaleza, Roberto Cl\u00e1udio, para ser o candidato. Roberto Cl\u00e1udio recebeu o apoio da c\u00fapula nacional do PDT e do presidenciavel Ciro Gomes,&hellip;<\/p>\n","protected":false},"author":1,"featured_media":26197,"comment_status":"open","ping_status":"open","sticky":false,"template":"","format":"standard","meta":{"footnotes":""},"categories":[1],"tags":[],"class_list":["post-26196","post","type-post","status-publish","format-standard","has-post-thumbnail","hentry","category-noticias"],"_links":{"self":[{"href":"https:\/\/blogdorogeriogomes.com.br\/noticias\/wp-json\/wp\/v2\/posts\/26196","targetHints":{"allow":["GET"]}}],"collection":[{"href":"https:\/\/blogdorogeriogomes.com.br\/noticias\/wp-json\/wp\/v2\/posts"}],"about":[{"href":"https:\/\/blogdorogeriogomes.com.br\/noticias\/wp-json\/wp\/v2\/types\/post"}],"author":[{"embeddable":true,"href":"https:\/\/blogdorogeriogomes.com.br\/noticias\/wp-json\/wp\/v2\/users\/1"}],"replies":[{"embeddable":true,"href":"https:\/\/blogdorogeriogomes.com.br\/noticias\/wp-json\/wp\/v2\/comments?post=26196"}],"version-history":[{"count":2,"href":"https:\/\/blogdorogeriogomes.com.br\/noticias\/wp-json\/wp\/v2\/posts\/26196\/revisions"}],"predecessor-version":[{"id":26201,"href":"https:\/\/blogdorogeriogomes.com.br\/noticias\/wp-json\/wp\/v2\/posts\/26196\/revisions\/26201"}],"wp:featuredmedia":[{"embeddable":true,"href":"https:\/\/blogdorogeriogomes.com.br\/noticias\/wp-json\/wp\/v2\/media\/26197"}],"wp:attachment":[{"href":"https:\/\/blogdorogeriogomes.com.br\/noticias\/wp-json\/wp\/v2\/media?parent=26196"}],"wp:term":[{"taxonomy":"category","embeddable":true,"href":"https:\/\/blogdorogeriogomes.com.br\/noticias\/wp-json\/wp\/v2\/categories?post=26196"},{"taxonomy":"post_tag","embeddable":true,"href":"https:\/\/blogdorogeriogomes.com.br\/noticias\/wp-json\/wp\/v2\/tags?post=26196"}],"curies":[{"name":"wp","href":"https:\/\/api.w.org\/{rel}","templated":true}]}}