{"id":26208,"date":"2022-07-27T10:17:53","date_gmt":"2022-07-27T10:17:53","guid":{"rendered":"https:\/\/blogdorogeriogomes.com.br\/?p=26208"},"modified":"2022-07-29T11:35:44","modified_gmt":"2022-07-29T11:35:44","slug":"governo-do-ceara-inicia-distribuicao-do-vale-gas-para-prefeituras-nesta-quarta-feira","status":"publish","type":"post","link":"https:\/\/blogdorogeriogomes.com.br\/noticias\/2022\/07\/governo-do-ceara-inicia-distribuicao-do-vale-gas-para-prefeituras-nesta-quarta-feira\/","title":{"rendered":"Governo do Cear\u00e1 inicia distribui\u00e7\u00e3o do Vale-G\u00e1s para prefeituras nesta quarta-feira"},"content":{"rendered":"\n<p>O Governo do Cear\u00e1 inicia distribui\u00e7\u00e3o do Vale-G\u00e1s para as 184 prefeituras cearenses nesta quarta-feira, dia 27 de julho. Este \u00e9 o segundo lote do vale g\u00e1s social com 210 mil t\u00edquetes que v\u00e3o ser distribu\u00eddos a moradores dos munic\u00edpios. A entrega dos tickets nas cidades caber\u00e1 \u00e0s prefeituras. <\/p>\n\n\n\n<p>Ser\u00e3o feitas tr\u00eas entregas neste ano. No total, 210.128 fam\u00edlias cearenses j\u00e1 receberam o vale g\u00e1s social na primeira etapa realizada em mar\u00e7o.<\/p>\n\n\n\n<p>Podem receber o vale g\u00e1s de cozinha as benefici\u00e1rias do Cart\u00e3o Mais Inf\u00e2ncia Cear\u00e1; as fam\u00edlias benefici\u00e1rias do Aux\u00edlio Brasil, com renda inferior ou igual a R$ 150; e fam\u00edlias que possuem jovens em situa\u00e7\u00e3o de vulnerabilidade social inscritos no programa Virando o Jogo.<\/p>\n\n\n\n<figure class=\"wp-block-image size-full\"><img loading=\"lazy\" decoding=\"async\" width=\"693\" height=\"443\" src=\"https:\/\/blogdorogeriogomes.com.br\/wp-content\/uploads\/2022\/07\/images-17.jpeg\" alt=\"\" class=\"wp-image-26209\" srcset=\"https:\/\/blogdorogeriogomes.com.br\/noticias\/wp-content\/uploads\/2022\/07\/images-17.jpeg 693w, https:\/\/blogdorogeriogomes.com.br\/noticias\/wp-content\/uploads\/2022\/07\/images-17-300x192.jpeg 300w\" sizes=\"auto, (max-width: 693px) 100vw, 693px\" \/><\/figure>\n","protected":false},"excerpt":{"rendered":"<p>O Governo do Cear\u00e1 inicia distribui\u00e7\u00e3o do Vale-G\u00e1s para as 184 prefeituras cearenses nesta quarta-feira, dia 27 de julho. Este \u00e9 o segundo lote do vale g\u00e1s social com 210 mil t\u00edquetes que v\u00e3o ser distribu\u00eddos a moradores dos munic\u00edpios. A entrega dos tickets nas cidades caber\u00e1 \u00e0s prefeituras. Ser\u00e3o feitas tr\u00eas entregas neste ano. No total, 210.128 fam\u00edlias cearenses j\u00e1 receberam o vale g\u00e1s social na primeira etapa realizada em mar\u00e7o. Podem receber o vale g\u00e1s de cozinha&hellip;<\/p>\n","protected":false},"author":1,"featured_media":26209,"comment_status":"open","ping_status":"open","sticky":false,"template":"","format":"standard","meta":{"footnotes":""},"categories":[1],"tags":[],"class_list":["post-26208","post","type-post","status-publish","format-standard","has-post-thumbnail","hentry","category-noticias"],"_links":{"self":[{"href":"https:\/\/blogdorogeriogomes.com.br\/noticias\/wp-json\/wp\/v2\/posts\/26208","targetHints":{"allow":["GET"]}}],"collection":[{"href":"https:\/\/blogdorogeriogomes.com.br\/noticias\/wp-json\/wp\/v2\/posts"}],"about":[{"href":"https:\/\/blogdorogeriogomes.com.br\/noticias\/wp-json\/wp\/v2\/types\/post"}],"author":[{"embeddable":true,"href":"https:\/\/blogdorogeriogomes.com.br\/noticias\/wp-json\/wp\/v2\/users\/1"}],"replies":[{"embeddable":true,"href":"https:\/\/blogdorogeriogomes.com.br\/noticias\/wp-json\/wp\/v2\/comments?post=26208"}],"version-history":[{"count":1,"href":"https:\/\/blogdorogeriogomes.com.br\/noticias\/wp-json\/wp\/v2\/posts\/26208\/revisions"}],"predecessor-version":[{"id":26210,"href":"https:\/\/blogdorogeriogomes.com.br\/noticias\/wp-json\/wp\/v2\/posts\/26208\/revisions\/26210"}],"wp:featuredmedia":[{"embeddable":true,"href":"https:\/\/blogdorogeriogomes.com.br\/noticias\/wp-json\/wp\/v2\/media\/26209"}],"wp:attachment":[{"href":"https:\/\/blogdorogeriogomes.com.br\/noticias\/wp-json\/wp\/v2\/media?parent=26208"}],"wp:term":[{"taxonomy":"category","embeddable":true,"href":"https:\/\/blogdorogeriogomes.com.br\/noticias\/wp-json\/wp\/v2\/categories?post=26208"},{"taxonomy":"post_tag","embeddable":true,"href":"https:\/\/blogdorogeriogomes.com.br\/noticias\/wp-json\/wp\/v2\/tags?post=26208"}],"curies":[{"name":"wp","href":"https:\/\/api.w.org\/{rel}","templated":true}]}}