{"id":26211,"date":"2022-07-27T10:34:36","date_gmt":"2022-07-27T10:34:36","guid":{"rendered":"https:\/\/blogdorogeriogomes.com.br\/?p=26211"},"modified":"2022-07-29T11:35:32","modified_gmt":"2022-07-29T11:35:32","slug":"fortaleza-abre-mais-tres-mil-vagas-para-inscricoes-no-academia-enem","status":"publish","type":"post","link":"https:\/\/blogdorogeriogomes.com.br\/noticias\/2022\/07\/fortaleza-abre-mais-tres-mil-vagas-para-inscricoes-no-academia-enem\/","title":{"rendered":"Fortaleza abre mais tr\u00eas mil vagas para inscri\u00e7\u00f5es no Academia Enem"},"content":{"rendered":"\n<p>O Academia Enem, curso preparat\u00f3rio para o Exame Nacional do Ensino M\u00e9dio (Enem) da Prefeitura de Fortaleza, por meio da Secretaria Municipal da Juventude, abre novas inscri\u00e7\u00f5es a partir desta ter\u00e7a-feira, dia 26 de julho. Ser\u00e3o mais tr\u00eas mil vagas nesta edi\u00e7\u00e3o do programa, que conta com parceria com a Descomplica, plataforma on-line de educa\u00e7\u00e3o. Interessados em participar devem realizar a inscri\u00e7\u00e3o no&nbsp;Portal da Juventude at\u00e9 a pr\u00f3xima ter\u00e7a-feira, dia 2 de agosto.<\/p>\n\n\n\n<p>Nesta edi\u00e7\u00e3o, iniciada em maio deste ano, os alunos t\u00eam aulas virtuais e corre\u00e7\u00e3o de reda\u00e7\u00e3o por meio da Descomplica, aul\u00f5es presenciais no Gin\u00e1sio Paulo Sarasate, simulado e material did\u00e1tico para auxiliar nos estudos. As vagas ser\u00e3o distribu\u00eddas por ordem de inscri\u00e7\u00e3o.<\/p>\n\n\n\n<p>Podem se inscrever alunos que est\u00e3o cursando ou que j\u00e1 conclu\u00edram o ensino m\u00e9dio, com prioridade para os alunos da rede p\u00fablica de ensino. Ap\u00f3s o prazo das inscri\u00e7\u00f5es, os estudantes receber\u00e3o e-mail de confirma\u00e7\u00e3o com link exclusivo de acesso \u00e0 plataforma Descomplica, em que ter\u00e3o acesso imediato a aulas virtuais, banco de quest\u00f5es e corre\u00e7\u00e3o de reda\u00e7\u00f5es.<\/p>\n\n\n\n<figure class=\"wp-block-image size-large\"><img loading=\"lazy\" decoding=\"async\" width=\"1024\" height=\"768\" src=\"https:\/\/blogdorogeriogomes.com.br\/wp-content\/uploads\/2022\/07\/Academia-Enem-1024x768.jpg\" alt=\"\" class=\"wp-image-26212\" srcset=\"https:\/\/blogdorogeriogomes.com.br\/noticias\/wp-content\/uploads\/2022\/07\/Academia-Enem-1024x768.jpg 1024w, https:\/\/blogdorogeriogomes.com.br\/noticias\/wp-content\/uploads\/2022\/07\/Academia-Enem-300x225.jpg 300w, https:\/\/blogdorogeriogomes.com.br\/noticias\/wp-content\/uploads\/2022\/07\/Academia-Enem-768x576.jpg 768w, https:\/\/blogdorogeriogomes.com.br\/noticias\/wp-content\/uploads\/2022\/07\/Academia-Enem-1536x1152.jpg 1536w, https:\/\/blogdorogeriogomes.com.br\/noticias\/wp-content\/uploads\/2022\/07\/Academia-Enem-800x600.jpg 800w, https:\/\/blogdorogeriogomes.com.br\/noticias\/wp-content\/uploads\/2022\/07\/Academia-Enem-400x300.jpg 400w, https:\/\/blogdorogeriogomes.com.br\/noticias\/wp-content\/uploads\/2022\/07\/Academia-Enem.jpg 2048w\" sizes=\"auto, (max-width: 1024px) 100vw, 1024px\" \/><\/figure>\n","protected":false},"excerpt":{"rendered":"<p>O Academia Enem, curso preparat\u00f3rio para o Exame Nacional do Ensino M\u00e9dio (Enem) da Prefeitura de Fortaleza, por meio da Secretaria Municipal da Juventude, abre novas inscri\u00e7\u00f5es a partir desta ter\u00e7a-feira, dia 26 de julho. Ser\u00e3o mais tr\u00eas mil vagas nesta edi\u00e7\u00e3o do programa, que conta com parceria com a Descomplica, plataforma on-line de educa\u00e7\u00e3o. Interessados em participar devem realizar a inscri\u00e7\u00e3o no&nbsp;Portal da Juventude at\u00e9 a pr\u00f3xima ter\u00e7a-feira, dia 2 de agosto. Nesta edi\u00e7\u00e3o, iniciada em maio deste&hellip;<\/p>\n","protected":false},"author":1,"featured_media":26212,"comment_status":"open","ping_status":"open","sticky":false,"template":"","format":"standard","meta":{"footnotes":""},"categories":[1],"tags":[],"class_list":["post-26211","post","type-post","status-publish","format-standard","has-post-thumbnail","hentry","category-noticias"],"_links":{"self":[{"href":"https:\/\/blogdorogeriogomes.com.br\/noticias\/wp-json\/wp\/v2\/posts\/26211","targetHints":{"allow":["GET"]}}],"collection":[{"href":"https:\/\/blogdorogeriogomes.com.br\/noticias\/wp-json\/wp\/v2\/posts"}],"about":[{"href":"https:\/\/blogdorogeriogomes.com.br\/noticias\/wp-json\/wp\/v2\/types\/post"}],"author":[{"embeddable":true,"href":"https:\/\/blogdorogeriogomes.com.br\/noticias\/wp-json\/wp\/v2\/users\/1"}],"replies":[{"embeddable":true,"href":"https:\/\/blogdorogeriogomes.com.br\/noticias\/wp-json\/wp\/v2\/comments?post=26211"}],"version-history":[{"count":2,"href":"https:\/\/blogdorogeriogomes.com.br\/noticias\/wp-json\/wp\/v2\/posts\/26211\/revisions"}],"predecessor-version":[{"id":26245,"href":"https:\/\/blogdorogeriogomes.com.br\/noticias\/wp-json\/wp\/v2\/posts\/26211\/revisions\/26245"}],"wp:featuredmedia":[{"embeddable":true,"href":"https:\/\/blogdorogeriogomes.com.br\/noticias\/wp-json\/wp\/v2\/media\/26212"}],"wp:attachment":[{"href":"https:\/\/blogdorogeriogomes.com.br\/noticias\/wp-json\/wp\/v2\/media?parent=26211"}],"wp:term":[{"taxonomy":"category","embeddable":true,"href":"https:\/\/blogdorogeriogomes.com.br\/noticias\/wp-json\/wp\/v2\/categories?post=26211"},{"taxonomy":"post_tag","embeddable":true,"href":"https:\/\/blogdorogeriogomes.com.br\/noticias\/wp-json\/wp\/v2\/tags?post=26211"}],"curies":[{"name":"wp","href":"https:\/\/api.w.org\/{rel}","templated":true}]}}