{"id":26218,"date":"2022-07-27T18:28:42","date_gmt":"2022-07-27T18:28:42","guid":{"rendered":"https:\/\/blogdorogeriogomes.com.br\/?p=26218"},"modified":"2022-07-29T11:35:00","modified_gmt":"2022-07-29T11:35:00","slug":"psb-realiza-convencao-no-ceara-e-confirma-apoio-a-candidatura-de-roberto-claudio","status":"publish","type":"post","link":"https:\/\/blogdorogeriogomes.com.br\/noticias\/2022\/07\/psb-realiza-convencao-no-ceara-e-confirma-apoio-a-candidatura-de-roberto-claudio\/","title":{"rendered":"PSB realiza conven\u00e7\u00e3o no Cear\u00e1 e confirma apoio \u00e0 candidatura de Roberto Cl\u00e1udio"},"content":{"rendered":"\n<p>O PSB realizou Conven\u00e7\u00e3o Estadual no Cear\u00e1, nesta quarta-feira, dia 27 de julho, e confirmou apoio \u00e0 candidatura de Roberto Cl\u00e1udio a governador do Estado pelo PDT. O ex-governador Camilo Santana (PT) chegou a ir a Bras\u00edlia se reunir com o presidente nacional, Carlos Siqueira, para tentar apoio ao pr\u00e9-candidato a governador Elmano de Freitas(PT). No entanto, o Diret\u00f3rio Estadual do PSB recebeu autonomia para tomar a decis\u00e3o em n\u00edvel local. Assim, o presidente do PSB Cear\u00e1, deputado federal Denis Bezerra, manteve a posi\u00e7\u00e3o de apoiar o pedetista Roberto Cl\u00e1udio.<\/p>\n\n\n\n<p>Em n\u00edvel nacional, o PSB ocupa a vaga de vice na chapa de Lula (PT) \u00e0 Presid\u00eancia da Rep\u00fablica com Geraldo Alckmin. Na Conven\u00e7\u00e3o Estadual do PSB, realizada em Fortaleza, militantes gritavam &#8220;Lula l\u00e1, RC c\u00e1&#8221; numa refer\u00eancia ao apoio do partido ao petista na corrida presidencial.<\/p>\n\n\n\n<p>Na disputa para o Governo do Cear\u00e1, Roberto Cl\u00e1udio recebe como principal apoio o do candidato do PDT ao Planalto, Ciro Gomes. Ontem, Ciro mostrou preocupa\u00e7\u00e3o com a &#8220;nacionaliza\u00e7\u00e3o&#8221; da campanha estadual no Cear\u00e1. O ex-presidente Lula (PT) promete total engajamento na campanha de Elmano de Freitas com a possibilidade de vir mais de uma vez ao Cear\u00e1 para apoiar o candidato petista ao Pal\u00e1cio da Aboli\u00e7\u00e3o.<\/p>\n\n\n\n<figure class=\"wp-block-image size-full\"><img loading=\"lazy\" decoding=\"async\" width=\"840\" height=\"559\" src=\"https:\/\/blogdorogeriogomes.com.br\/wp-content\/uploads\/2022\/07\/IMG-20220727-WA0093.jpg\" alt=\"\" class=\"wp-image-26219\" srcset=\"https:\/\/blogdorogeriogomes.com.br\/noticias\/wp-content\/uploads\/2022\/07\/IMG-20220727-WA0093.jpg 840w, https:\/\/blogdorogeriogomes.com.br\/noticias\/wp-content\/uploads\/2022\/07\/IMG-20220727-WA0093-300x200.jpg 300w, https:\/\/blogdorogeriogomes.com.br\/noticias\/wp-content\/uploads\/2022\/07\/IMG-20220727-WA0093-768x511.jpg 768w, https:\/\/blogdorogeriogomes.com.br\/noticias\/wp-content\/uploads\/2022\/07\/IMG-20220727-WA0093-800x532.jpg 800w\" sizes=\"auto, (max-width: 840px) 100vw, 840px\" \/><\/figure>\n","protected":false},"excerpt":{"rendered":"<p>O PSB realizou Conven\u00e7\u00e3o Estadual no Cear\u00e1, nesta quarta-feira, dia 27 de julho, e confirmou apoio \u00e0 candidatura de Roberto Cl\u00e1udio a governador do Estado pelo PDT. O ex-governador Camilo Santana (PT) chegou a ir a Bras\u00edlia se reunir com o presidente nacional, Carlos Siqueira, para tentar apoio ao pr\u00e9-candidato a governador Elmano de Freitas(PT). No entanto, o Diret\u00f3rio Estadual do PSB recebeu autonomia para tomar a decis\u00e3o em n\u00edvel local. Assim, o presidente do PSB Cear\u00e1, deputado federal&hellip;<\/p>\n","protected":false},"author":1,"featured_media":26219,"comment_status":"open","ping_status":"open","sticky":false,"template":"","format":"standard","meta":{"footnotes":""},"categories":[1],"tags":[],"class_list":["post-26218","post","type-post","status-publish","format-standard","has-post-thumbnail","hentry","category-noticias"],"_links":{"self":[{"href":"https:\/\/blogdorogeriogomes.com.br\/noticias\/wp-json\/wp\/v2\/posts\/26218","targetHints":{"allow":["GET"]}}],"collection":[{"href":"https:\/\/blogdorogeriogomes.com.br\/noticias\/wp-json\/wp\/v2\/posts"}],"about":[{"href":"https:\/\/blogdorogeriogomes.com.br\/noticias\/wp-json\/wp\/v2\/types\/post"}],"author":[{"embeddable":true,"href":"https:\/\/blogdorogeriogomes.com.br\/noticias\/wp-json\/wp\/v2\/users\/1"}],"replies":[{"embeddable":true,"href":"https:\/\/blogdorogeriogomes.com.br\/noticias\/wp-json\/wp\/v2\/comments?post=26218"}],"version-history":[{"count":1,"href":"https:\/\/blogdorogeriogomes.com.br\/noticias\/wp-json\/wp\/v2\/posts\/26218\/revisions"}],"predecessor-version":[{"id":26220,"href":"https:\/\/blogdorogeriogomes.com.br\/noticias\/wp-json\/wp\/v2\/posts\/26218\/revisions\/26220"}],"wp:featuredmedia":[{"embeddable":true,"href":"https:\/\/blogdorogeriogomes.com.br\/noticias\/wp-json\/wp\/v2\/media\/26219"}],"wp:attachment":[{"href":"https:\/\/blogdorogeriogomes.com.br\/noticias\/wp-json\/wp\/v2\/media?parent=26218"}],"wp:term":[{"taxonomy":"category","embeddable":true,"href":"https:\/\/blogdorogeriogomes.com.br\/noticias\/wp-json\/wp\/v2\/categories?post=26218"},{"taxonomy":"post_tag","embeddable":true,"href":"https:\/\/blogdorogeriogomes.com.br\/noticias\/wp-json\/wp\/v2\/tags?post=26218"}],"curies":[{"name":"wp","href":"https:\/\/api.w.org\/{rel}","templated":true}]}}