{"id":26224,"date":"2022-07-28T12:22:50","date_gmt":"2022-07-28T12:22:50","guid":{"rendered":"https:\/\/blogdorogeriogomes.com.br\/?p=26224"},"modified":"2022-07-29T11:34:41","modified_gmt":"2022-07-29T11:34:41","slug":"elmano-de-freitas-diz-em-encontro-do-pt-que-principal-adversario-na-eleicao-e-o-bolsonaro-de-ca","status":"publish","type":"post","link":"https:\/\/blogdorogeriogomes.com.br\/noticias\/2022\/07\/elmano-de-freitas-diz-em-encontro-do-pt-que-principal-adversario-na-eleicao-e-o-bolsonaro-de-ca\/","title":{"rendered":"Elmano de Freitas diz em encontro do PT que principal advers\u00e1rio na elei\u00e7\u00e3o \u00e9 o &#8220;Bolsonaro de c\u00e1&#8221;"},"content":{"rendered":"\n<p>O PT Cear\u00e1 realizou nesta quarta-feira, dia 27 de julho, em Fortaleza, o seu encontro de t\u00e1tica eleitoral quando aprovou os nomes do deputado estadual Elmano de Freitas como candidato ao Governo do Cear\u00e1 e do ex-governador Camilo Santana como candidato ao Senado Federal.&nbsp;Durante o evento, Elmano de Freitas deixou claro que o principal advers\u00e1rio nas elei\u00e7\u00f5es de outubro ser\u00e1 o &#8220;Bolsonaro de c\u00e1&#8221;, em refer\u00eancia ao principal l\u00edder da oposi\u00e7\u00e3o Capit\u00e3o Wagner, candidato ao Governo pelo Uni\u00e3o Brasil. Wagner \u00e9 apoiado no Cear\u00e1 pelo presidente Jair Bolsonaro (PL).<\/p>\n\n\n\n<p>A declara\u00e7\u00e3o de Elmano de Freitas busca reduzir as tens\u00f5es dos \u00faltimos dias entre os apoiadores da candidatura do ex-prefeito de Fortaleza, Roberto Cl\u00e1udio (PDT) e os defensores da candidatura do PT. A escolha de RC em detrimento da governadora Izolda Cela gerou o rompimento pol\u00edtico da alian\u00e7a de PT e PDT, que j\u00e1 durava 16 anos no Cear\u00e1. Ainda ontem, Izolda anunciou a desfilia\u00e7\u00e3o do PDT.<\/p>\n\n\n\n<figure class=\"wp-block-image size-full\"><img loading=\"lazy\" decoding=\"async\" width=\"602\" height=\"403\" src=\"https:\/\/blogdorogeriogomes.com.br\/wp-content\/uploads\/2022\/07\/IMG-20220728-WA0025.jpg\" alt=\"\" class=\"wp-image-26225\" srcset=\"https:\/\/blogdorogeriogomes.com.br\/noticias\/wp-content\/uploads\/2022\/07\/IMG-20220728-WA0025.jpg 602w, https:\/\/blogdorogeriogomes.com.br\/noticias\/wp-content\/uploads\/2022\/07\/IMG-20220728-WA0025-300x201.jpg 300w\" sizes=\"auto, (max-width: 602px) 100vw, 602px\" \/><\/figure>\n","protected":false},"excerpt":{"rendered":"<p>O PT Cear\u00e1 realizou nesta quarta-feira, dia 27 de julho, em Fortaleza, o seu encontro de t\u00e1tica eleitoral quando aprovou os nomes do deputado estadual Elmano de Freitas como candidato ao Governo do Cear\u00e1 e do ex-governador Camilo Santana como candidato ao Senado Federal.&nbsp;Durante o evento, Elmano de Freitas deixou claro que o principal advers\u00e1rio nas elei\u00e7\u00f5es de outubro ser\u00e1 o &#8220;Bolsonaro de c\u00e1&#8221;, em refer\u00eancia ao principal l\u00edder da oposi\u00e7\u00e3o Capit\u00e3o Wagner, candidato ao Governo pelo Uni\u00e3o Brasil.&hellip;<\/p>\n","protected":false},"author":1,"featured_media":26225,"comment_status":"open","ping_status":"open","sticky":false,"template":"","format":"standard","meta":{"footnotes":""},"categories":[1],"tags":[],"class_list":["post-26224","post","type-post","status-publish","format-standard","has-post-thumbnail","hentry","category-noticias"],"_links":{"self":[{"href":"https:\/\/blogdorogeriogomes.com.br\/noticias\/wp-json\/wp\/v2\/posts\/26224","targetHints":{"allow":["GET"]}}],"collection":[{"href":"https:\/\/blogdorogeriogomes.com.br\/noticias\/wp-json\/wp\/v2\/posts"}],"about":[{"href":"https:\/\/blogdorogeriogomes.com.br\/noticias\/wp-json\/wp\/v2\/types\/post"}],"author":[{"embeddable":true,"href":"https:\/\/blogdorogeriogomes.com.br\/noticias\/wp-json\/wp\/v2\/users\/1"}],"replies":[{"embeddable":true,"href":"https:\/\/blogdorogeriogomes.com.br\/noticias\/wp-json\/wp\/v2\/comments?post=26224"}],"version-history":[{"count":2,"href":"https:\/\/blogdorogeriogomes.com.br\/noticias\/wp-json\/wp\/v2\/posts\/26224\/revisions"}],"predecessor-version":[{"id":26244,"href":"https:\/\/blogdorogeriogomes.com.br\/noticias\/wp-json\/wp\/v2\/posts\/26224\/revisions\/26244"}],"wp:featuredmedia":[{"embeddable":true,"href":"https:\/\/blogdorogeriogomes.com.br\/noticias\/wp-json\/wp\/v2\/media\/26225"}],"wp:attachment":[{"href":"https:\/\/blogdorogeriogomes.com.br\/noticias\/wp-json\/wp\/v2\/media?parent=26224"}],"wp:term":[{"taxonomy":"category","embeddable":true,"href":"https:\/\/blogdorogeriogomes.com.br\/noticias\/wp-json\/wp\/v2\/categories?post=26224"},{"taxonomy":"post_tag","embeddable":true,"href":"https:\/\/blogdorogeriogomes.com.br\/noticias\/wp-json\/wp\/v2\/tags?post=26224"}],"curies":[{"name":"wp","href":"https:\/\/api.w.org\/{rel}","templated":true}]}}