{"id":26230,"date":"2022-07-28T20:50:40","date_gmt":"2022-07-28T20:50:40","guid":{"rendered":"https:\/\/blogdorogeriogomes.com.br\/?p=26230"},"modified":"2022-07-29T11:34:21","modified_gmt":"2022-07-29T11:34:21","slug":"izolda-cela-e-jose-sarto-assinam-mensagens-para-garantir-novo-piso-salarial-para-agentes-de-saude","status":"publish","type":"post","link":"https:\/\/blogdorogeriogomes.com.br\/noticias\/2022\/07\/izolda-cela-e-jose-sarto-assinam-mensagens-para-garantir-novo-piso-salarial-para-agentes-de-saude\/","title":{"rendered":"Governadora Izolda Cela e prefeito Jos\u00e9 Sarto assinam mensagens para garantir novo piso salarial para agentes de sa\u00fade"},"content":{"rendered":"\n<p>A governadora do Cear\u00e1, Izolda Cela, e o prefeito de Fortaleza, Jos\u00e9 Sarto, assinaram mensagens, nesta quinta-feira, dia 28 de julho, garantindo a implanta\u00e7\u00e3o do novo piso salarial dos agentes comunit\u00e1rios de sa\u00fade que passar\u00e1 a ser de dois sal\u00e1rios m\u00ednimos, o que corresponde a R$ 2.424,00.<\/p>\n\n\n\n<p>No estado do Cear\u00e1, a medida vai beneficiar 6.172 profissionais da ativa. Em Fortaleza, s\u00e3o cerca de 3.705 agentes a serem beneficiados com o reajuste.<\/p>\n\n\n\n<p>A Lei Estadual segue agora para aprova\u00e7\u00e3o dos deputados estaduais na Assembleia Legislativa do Cear\u00e1, enquanto a Lei Municipal em Fortaleza depende do parecer da C\u00e2mara Municipal da Capital.<\/p>\n\n\n\n<figure class=\"wp-block-image size-full\"><img loading=\"lazy\" decoding=\"async\" width=\"678\" height=\"452\" src=\"https:\/\/blogdorogeriogomes.com.br\/wp-content\/uploads\/2022\/07\/images-19.jpeg\" alt=\"\" class=\"wp-image-26231\" srcset=\"https:\/\/blogdorogeriogomes.com.br\/noticias\/wp-content\/uploads\/2022\/07\/images-19.jpeg 678w, https:\/\/blogdorogeriogomes.com.br\/noticias\/wp-content\/uploads\/2022\/07\/images-19-300x200.jpeg 300w\" sizes=\"auto, (max-width: 678px) 100vw, 678px\" \/><\/figure>\n","protected":false},"excerpt":{"rendered":"<p>A governadora do Cear\u00e1, Izolda Cela, e o prefeito de Fortaleza, Jos\u00e9 Sarto, assinaram mensagens, nesta quinta-feira, dia 28 de julho, garantindo a implanta\u00e7\u00e3o do novo piso salarial dos agentes comunit\u00e1rios de sa\u00fade que passar\u00e1 a ser de dois sal\u00e1rios m\u00ednimos, o que corresponde a R$ 2.424,00. No estado do Cear\u00e1, a medida vai beneficiar 6.172 profissionais da ativa. Em Fortaleza, s\u00e3o cerca de 3.705 agentes a serem beneficiados com o reajuste. A Lei Estadual segue agora para aprova\u00e7\u00e3o&hellip;<\/p>\n","protected":false},"author":1,"featured_media":26231,"comment_status":"open","ping_status":"open","sticky":false,"template":"","format":"standard","meta":{"footnotes":""},"categories":[1],"tags":[],"class_list":["post-26230","post","type-post","status-publish","format-standard","has-post-thumbnail","hentry","category-noticias"],"_links":{"self":[{"href":"https:\/\/blogdorogeriogomes.com.br\/noticias\/wp-json\/wp\/v2\/posts\/26230","targetHints":{"allow":["GET"]}}],"collection":[{"href":"https:\/\/blogdorogeriogomes.com.br\/noticias\/wp-json\/wp\/v2\/posts"}],"about":[{"href":"https:\/\/blogdorogeriogomes.com.br\/noticias\/wp-json\/wp\/v2\/types\/post"}],"author":[{"embeddable":true,"href":"https:\/\/blogdorogeriogomes.com.br\/noticias\/wp-json\/wp\/v2\/users\/1"}],"replies":[{"embeddable":true,"href":"https:\/\/blogdorogeriogomes.com.br\/noticias\/wp-json\/wp\/v2\/comments?post=26230"}],"version-history":[{"count":2,"href":"https:\/\/blogdorogeriogomes.com.br\/noticias\/wp-json\/wp\/v2\/posts\/26230\/revisions"}],"predecessor-version":[{"id":26233,"href":"https:\/\/blogdorogeriogomes.com.br\/noticias\/wp-json\/wp\/v2\/posts\/26230\/revisions\/26233"}],"wp:featuredmedia":[{"embeddable":true,"href":"https:\/\/blogdorogeriogomes.com.br\/noticias\/wp-json\/wp\/v2\/media\/26231"}],"wp:attachment":[{"href":"https:\/\/blogdorogeriogomes.com.br\/noticias\/wp-json\/wp\/v2\/media?parent=26230"}],"wp:term":[{"taxonomy":"category","embeddable":true,"href":"https:\/\/blogdorogeriogomes.com.br\/noticias\/wp-json\/wp\/v2\/categories?post=26230"},{"taxonomy":"post_tag","embeddable":true,"href":"https:\/\/blogdorogeriogomes.com.br\/noticias\/wp-json\/wp\/v2\/tags?post=26230"}],"curies":[{"name":"wp","href":"https:\/\/api.w.org\/{rel}","templated":true}]}}