{"id":26237,"date":"2022-07-29T10:15:05","date_gmt":"2022-07-29T10:15:05","guid":{"rendered":"https:\/\/blogdorogeriogomes.com.br\/?p=26237"},"modified":"2022-07-29T11:33:34","modified_gmt":"2022-07-29T11:33:34","slug":"elmano-e-rc-disputam-apoios-de-prefeitos-no-interior-quatro-do-pdt-pediram-desfiliacao-para-apoiar-o-petista","status":"publish","type":"post","link":"https:\/\/blogdorogeriogomes.com.br\/noticias\/2022\/07\/elmano-e-rc-disputam-apoios-de-prefeitos-no-interior-quatro-do-pdt-pediram-desfiliacao-para-apoiar-o-petista\/","title":{"rendered":"Elmano e RC disputam apoios de prefeitos no interior. Quatro do PDT pediram desfilia\u00e7\u00e3o para apoiar o petista"},"content":{"rendered":"\n<p>A quinta-feira foi de movimenta\u00e7\u00e3o entre prefeitos do PDT que decidiram pedir desfilia\u00e7\u00e3o do partido, a fim de apoiar a candidatura de Elmano de Freitas (PT) ao Governo do Estado. O presidente da Associa\u00e7\u00e3o dos Munic\u00edpios do Cear\u00e1 (Aprece) e prefeito de Chorozinho, J\u00fanior Menezes, foi o primeiro a anunciar a sa\u00edda do PDT. Ele disse ter gratid\u00e3o ao ex-governador Camilo Santana (PT) e respeito pela atual governadora Izolda Cela, que tamb\u00e9m deixou o PDT.<\/p>\n\n\n\n<p>Os prefeitos de Horizonte (Nezinho Farias), Mora\u00fajo (Carlo Aquila) e Jaguaribara (Joacy Alves, o Juju) s\u00e3o munic\u00edpios em que os prefeitos anunciaram que deixar\u00e3o o PDT para apoiar o PT.<\/p>\n\n\n\n<p>Pelo menos outros dois prefeitos do PDT no interior optaram em apoiar o candidato do PT, Elmano de Freitas, mas sem deixar o partido. S\u00e3o os casos dos prefeitos de S\u00e3o Benedito, Saul Maciel, e de Barbalha, Guilherme Saraiva.<\/p>\n\n\n\n<p>Por outro lado, Roberto Cl\u00e1udio (PDT) recebeu o apoio do petista Adil J\u00fanior, prefeito de Quixel\u00f4. Al\u00e9m disso, ganhou a ades\u00e3o de v\u00e1rios prefeitos do PSD, em ato comandado pelo presidente da legenda, Domingos Filho, que ser\u00e1 candidato a vice na chapa do PDT.<\/p>\n\n\n\n<figure class=\"wp-block-image size-full\"><img loading=\"lazy\" decoding=\"async\" width=\"494\" height=\"415\" src=\"https:\/\/blogdorogeriogomes.com.br\/wp-content\/uploads\/2022\/07\/images-212.jpeg\" alt=\"\" class=\"wp-image-26238\" srcset=\"https:\/\/blogdorogeriogomes.com.br\/noticias\/wp-content\/uploads\/2022\/07\/images-212.jpeg 494w, https:\/\/blogdorogeriogomes.com.br\/noticias\/wp-content\/uploads\/2022\/07\/images-212-300x252.jpeg 300w\" sizes=\"auto, (max-width: 494px) 100vw, 494px\" \/><\/figure>\n\n\n\n<p><br><\/p>\n\n\n\n<p><br><\/p>\n","protected":false},"excerpt":{"rendered":"<p>A quinta-feira foi de movimenta\u00e7\u00e3o entre prefeitos do PDT que decidiram pedir desfilia\u00e7\u00e3o do partido, a fim de apoiar a candidatura de Elmano de Freitas (PT) ao Governo do Estado. O presidente da Associa\u00e7\u00e3o dos Munic\u00edpios do Cear\u00e1 (Aprece) e prefeito de Chorozinho, J\u00fanior Menezes, foi o primeiro a anunciar a sa\u00edda do PDT. Ele disse ter gratid\u00e3o ao ex-governador Camilo Santana (PT) e respeito pela atual governadora Izolda Cela, que tamb\u00e9m deixou o PDT. Os prefeitos de Horizonte&hellip;<\/p>\n","protected":false},"author":1,"featured_media":26238,"comment_status":"open","ping_status":"open","sticky":false,"template":"","format":"standard","meta":{"footnotes":""},"categories":[1],"tags":[],"class_list":["post-26237","post","type-post","status-publish","format-standard","has-post-thumbnail","hentry","category-noticias"],"_links":{"self":[{"href":"https:\/\/blogdorogeriogomes.com.br\/noticias\/wp-json\/wp\/v2\/posts\/26237","targetHints":{"allow":["GET"]}}],"collection":[{"href":"https:\/\/blogdorogeriogomes.com.br\/noticias\/wp-json\/wp\/v2\/posts"}],"about":[{"href":"https:\/\/blogdorogeriogomes.com.br\/noticias\/wp-json\/wp\/v2\/types\/post"}],"author":[{"embeddable":true,"href":"https:\/\/blogdorogeriogomes.com.br\/noticias\/wp-json\/wp\/v2\/users\/1"}],"replies":[{"embeddable":true,"href":"https:\/\/blogdorogeriogomes.com.br\/noticias\/wp-json\/wp\/v2\/comments?post=26237"}],"version-history":[{"count":1,"href":"https:\/\/blogdorogeriogomes.com.br\/noticias\/wp-json\/wp\/v2\/posts\/26237\/revisions"}],"predecessor-version":[{"id":26239,"href":"https:\/\/blogdorogeriogomes.com.br\/noticias\/wp-json\/wp\/v2\/posts\/26237\/revisions\/26239"}],"wp:featuredmedia":[{"embeddable":true,"href":"https:\/\/blogdorogeriogomes.com.br\/noticias\/wp-json\/wp\/v2\/media\/26238"}],"wp:attachment":[{"href":"https:\/\/blogdorogeriogomes.com.br\/noticias\/wp-json\/wp\/v2\/media?parent=26237"}],"wp:term":[{"taxonomy":"category","embeddable":true,"href":"https:\/\/blogdorogeriogomes.com.br\/noticias\/wp-json\/wp\/v2\/categories?post=26237"},{"taxonomy":"post_tag","embeddable":true,"href":"https:\/\/blogdorogeriogomes.com.br\/noticias\/wp-json\/wp\/v2\/tags?post=26237"}],"curies":[{"name":"wp","href":"https:\/\/api.w.org\/{rel}","templated":true}]}}