{"id":26247,"date":"2022-07-30T09:41:54","date_gmt":"2022-07-30T09:41:54","guid":{"rendered":"https:\/\/blogdorogeriogomes.com.br\/?p=26247"},"modified":"2022-08-01T20:49:56","modified_gmt":"2022-08-01T20:49:56","slug":"izolda-cela-entrega-novas-ambulancias-do-samu-a-prefeituras-e-nega-demissao-de-ex-aliados","status":"publish","type":"post","link":"https:\/\/blogdorogeriogomes.com.br\/noticias\/2022\/07\/izolda-cela-entrega-novas-ambulancias-do-samu-a-prefeituras-e-nega-demissao-de-ex-aliados\/","title":{"rendered":"Izolda Cela entrega novas ambul\u00e2ncias do SAMU a prefeituras e nega demiss\u00e3o de ex-aliados"},"content":{"rendered":"\n<p>A governadora Izolda Cela fez a entrega nesta sexta-feira, dia 29 de julho, de 60 ambul\u00e2ncias a prefeituras do interior cearense que ser\u00e3o integradas ao SAMU Cear\u00e1.<\/p>\n\n\n\n<p>Foram 54 munic\u00edpios beneficiados. &#8220;Essa nossa a\u00e7\u00e3o fortalece a atua\u00e7\u00e3o do Samu Cear\u00e1, que conta com 121 bases e abrange todas as cidades do estado&#8221;, destacou Izolda Cela. 35 ve\u00edculos atender\u00e3o a Regi\u00e3o Metropolitana de Fortaleza, Sert\u00e3o Central e Vale do Curu; 13 ser\u00e3o alocadas para o Cariri e 12 para a Regi\u00e3o Norte.<br>Durante o evento, a governadora que deixou recentemente o PDT, rebateu nessa a acusa\u00e7\u00e3o feita pelo presidente estadual do PDT, deputado Andr\u00e9 Figueiredo, de que sua gest\u00e3o teria demitido apoiadores do ex-prefeito de Fortaleza, Roberto Cl\u00e1udio.&#8221;Isso n\u00e3o procede, isso n\u00e3o procede. Eu n\u00e3o sou perseguidora, nunca fui perseguidora em situa\u00e7\u00e3o nenhuma, nem com rela\u00e7\u00e3o \u00e0 oposi\u00e7\u00e3o. Nunca tratei a pol\u00edtica dessa forma&#8221;, ressaltou Izolda Cela.<br><\/p>\n\n\n\n<figure class=\"wp-block-image size-full\"><img loading=\"lazy\" decoding=\"async\" width=\"804\" height=\"539\" src=\"https:\/\/blogdorogeriogomes.com.br\/wp-content\/uploads\/2022\/07\/IMG-20220730-WA0001.jpg\" alt=\"\" class=\"wp-image-26248\" srcset=\"https:\/\/blogdorogeriogomes.com.br\/noticias\/wp-content\/uploads\/2022\/07\/IMG-20220730-WA0001.jpg 804w, https:\/\/blogdorogeriogomes.com.br\/noticias\/wp-content\/uploads\/2022\/07\/IMG-20220730-WA0001-300x201.jpg 300w, https:\/\/blogdorogeriogomes.com.br\/noticias\/wp-content\/uploads\/2022\/07\/IMG-20220730-WA0001-768x515.jpg 768w, https:\/\/blogdorogeriogomes.com.br\/noticias\/wp-content\/uploads\/2022\/07\/IMG-20220730-WA0001-800x536.jpg 800w\" sizes=\"auto, (max-width: 804px) 100vw, 804px\" \/><\/figure>\n","protected":false},"excerpt":{"rendered":"<p>A governadora Izolda Cela fez a entrega nesta sexta-feira, dia 29 de julho, de 60 ambul\u00e2ncias a prefeituras do interior cearense que ser\u00e3o integradas ao SAMU Cear\u00e1. Foram 54 munic\u00edpios beneficiados. &#8220;Essa nossa a\u00e7\u00e3o fortalece a atua\u00e7\u00e3o do Samu Cear\u00e1, que conta com 121 bases e abrange todas as cidades do estado&#8221;, destacou Izolda Cela. 35 ve\u00edculos atender\u00e3o a Regi\u00e3o Metropolitana de Fortaleza, Sert\u00e3o Central e Vale do Curu; 13 ser\u00e3o alocadas para o Cariri e 12 para a&hellip;<\/p>\n","protected":false},"author":1,"featured_media":26248,"comment_status":"open","ping_status":"open","sticky":false,"template":"","format":"standard","meta":{"footnotes":""},"categories":[1],"tags":[],"class_list":["post-26247","post","type-post","status-publish","format-standard","has-post-thumbnail","hentry","category-noticias"],"_links":{"self":[{"href":"https:\/\/blogdorogeriogomes.com.br\/noticias\/wp-json\/wp\/v2\/posts\/26247","targetHints":{"allow":["GET"]}}],"collection":[{"href":"https:\/\/blogdorogeriogomes.com.br\/noticias\/wp-json\/wp\/v2\/posts"}],"about":[{"href":"https:\/\/blogdorogeriogomes.com.br\/noticias\/wp-json\/wp\/v2\/types\/post"}],"author":[{"embeddable":true,"href":"https:\/\/blogdorogeriogomes.com.br\/noticias\/wp-json\/wp\/v2\/users\/1"}],"replies":[{"embeddable":true,"href":"https:\/\/blogdorogeriogomes.com.br\/noticias\/wp-json\/wp\/v2\/comments?post=26247"}],"version-history":[{"count":1,"href":"https:\/\/blogdorogeriogomes.com.br\/noticias\/wp-json\/wp\/v2\/posts\/26247\/revisions"}],"predecessor-version":[{"id":26249,"href":"https:\/\/blogdorogeriogomes.com.br\/noticias\/wp-json\/wp\/v2\/posts\/26247\/revisions\/26249"}],"wp:featuredmedia":[{"embeddable":true,"href":"https:\/\/blogdorogeriogomes.com.br\/noticias\/wp-json\/wp\/v2\/media\/26248"}],"wp:attachment":[{"href":"https:\/\/blogdorogeriogomes.com.br\/noticias\/wp-json\/wp\/v2\/media?parent=26247"}],"wp:term":[{"taxonomy":"category","embeddable":true,"href":"https:\/\/blogdorogeriogomes.com.br\/noticias\/wp-json\/wp\/v2\/categories?post=26247"},{"taxonomy":"post_tag","embeddable":true,"href":"https:\/\/blogdorogeriogomes.com.br\/noticias\/wp-json\/wp\/v2\/tags?post=26247"}],"curies":[{"name":"wp","href":"https:\/\/api.w.org\/{rel}","templated":true}]}}