{"id":26250,"date":"2022-07-30T10:05:06","date_gmt":"2022-07-30T10:05:06","guid":{"rendered":"https:\/\/blogdorogeriogomes.com.br\/?p=26250"},"modified":"2022-08-01T20:49:23","modified_gmt":"2022-08-01T20:49:23","slug":"luciano-bivar-do-uniao-brasil-e-andre-janones-do-avante-acenam-para-desistir-de-candidatura-e-apoiar-lula-no-1-turno","status":"publish","type":"post","link":"https:\/\/blogdorogeriogomes.com.br\/noticias\/2022\/07\/luciano-bivar-do-uniao-brasil-e-andre-janones-do-avante-acenam-para-desistir-de-candidatura-e-apoiar-lula-no-1-turno\/","title":{"rendered":"Luciano Bivar, do Uni\u00e3o Brasil, e Andr\u00e9 Janones, do Avante, acenam para desistir de candidatura e apoiar Lula no 1\u00b0 turno"},"content":{"rendered":"\n<p>O resultado da \u00faltima pesquisa Datafolha, divulgada na \u00faltima quinta-feira, dia 28 de julho, em que o ex-presidente Lula (PT) aparece com chances de vit\u00f3ria no 1\u00b0 turno, mexeu com o cen\u00e1rio eleitoral. O petista continua em busca de apoios para ampliar o leque da alian\u00e7a contra o atual presidente Jair Bolsonaro (PL).<\/p>\n\n\n\n<p>Dois presidenciaveis acenaram para Lula nesta sexta-feira, dia 29. O deputado federal, Luciano Bivar, do Uni\u00e3o Brasil, deve desistir da candidatura e agora vai em busca de alian\u00e7as com outros partidos.&nbsp;Admite fechar com Lula ainda no 1\u00b0 turno. Bivar deve tentar a reelei\u00e7\u00e3o como deputado federal.&nbsp;<\/p>\n\n\n\n<p>J\u00e1 o candidato \u00e0 presid\u00eancia pelo Avante, Andr\u00e9 Janones, abriu conversas com o ex-presidente Lula. O deputado federal admitiu que pode retirar a candidatura para apoiar o petista.<\/p>\n\n\n\n<p>A sexta-feira foi t\u00e3o favor\u00e1vel a Lula, que o ex-presidente recebeu at\u00e9 elogios do pedetista Ciro Gomes que, nos \u00faltimos tempos, s\u00f3 tem desferido cr\u00edticas a Lula e ao PT. Ao discursar para uma plateia formada por acad\u00eamicos em Bras\u00edlia, na sexta-feira, dia 29, Ciro afirmou que Lula \u00e9 \u201cboa pessoa\u201d e que \u201candou com ele a vida inteira\u201d. O ex-ministro disse que Lula foi o &#8220;maior l\u00edder popular da hist\u00f3ria do Brasil&#8221;.&nbsp;<\/p>\n\n\n\n<figure class=\"wp-block-image size-full\"><img loading=\"lazy\" decoding=\"async\" width=\"636\" height=\"482\" src=\"https:\/\/blogdorogeriogomes.com.br\/wp-content\/uploads\/2022\/07\/images-22.jpeg\" alt=\"\" class=\"wp-image-26251\" srcset=\"https:\/\/blogdorogeriogomes.com.br\/noticias\/wp-content\/uploads\/2022\/07\/images-22.jpeg 636w, https:\/\/blogdorogeriogomes.com.br\/noticias\/wp-content\/uploads\/2022\/07\/images-22-300x227.jpeg 300w\" sizes=\"auto, (max-width: 636px) 100vw, 636px\" \/><\/figure>\n","protected":false},"excerpt":{"rendered":"<p>O resultado da \u00faltima pesquisa Datafolha, divulgada na \u00faltima quinta-feira, dia 28 de julho, em que o ex-presidente Lula (PT) aparece com chances de vit\u00f3ria no 1\u00b0 turno, mexeu com o cen\u00e1rio eleitoral. O petista continua em busca de apoios para ampliar o leque da alian\u00e7a contra o atual presidente Jair Bolsonaro (PL). Dois presidenciaveis acenaram para Lula nesta sexta-feira, dia 29. O deputado federal, Luciano Bivar, do Uni\u00e3o Brasil, deve desistir da candidatura e agora vai em busca&hellip;<\/p>\n","protected":false},"author":1,"featured_media":26251,"comment_status":"open","ping_status":"open","sticky":false,"template":"","format":"standard","meta":{"footnotes":""},"categories":[1],"tags":[],"class_list":["post-26250","post","type-post","status-publish","format-standard","has-post-thumbnail","hentry","category-noticias"],"_links":{"self":[{"href":"https:\/\/blogdorogeriogomes.com.br\/noticias\/wp-json\/wp\/v2\/posts\/26250","targetHints":{"allow":["GET"]}}],"collection":[{"href":"https:\/\/blogdorogeriogomes.com.br\/noticias\/wp-json\/wp\/v2\/posts"}],"about":[{"href":"https:\/\/blogdorogeriogomes.com.br\/noticias\/wp-json\/wp\/v2\/types\/post"}],"author":[{"embeddable":true,"href":"https:\/\/blogdorogeriogomes.com.br\/noticias\/wp-json\/wp\/v2\/users\/1"}],"replies":[{"embeddable":true,"href":"https:\/\/blogdorogeriogomes.com.br\/noticias\/wp-json\/wp\/v2\/comments?post=26250"}],"version-history":[{"count":2,"href":"https:\/\/blogdorogeriogomes.com.br\/noticias\/wp-json\/wp\/v2\/posts\/26250\/revisions"}],"predecessor-version":[{"id":26276,"href":"https:\/\/blogdorogeriogomes.com.br\/noticias\/wp-json\/wp\/v2\/posts\/26250\/revisions\/26276"}],"wp:featuredmedia":[{"embeddable":true,"href":"https:\/\/blogdorogeriogomes.com.br\/noticias\/wp-json\/wp\/v2\/media\/26251"}],"wp:attachment":[{"href":"https:\/\/blogdorogeriogomes.com.br\/noticias\/wp-json\/wp\/v2\/media?parent=26250"}],"wp:term":[{"taxonomy":"category","embeddable":true,"href":"https:\/\/blogdorogeriogomes.com.br\/noticias\/wp-json\/wp\/v2\/categories?post=26250"},{"taxonomy":"post_tag","embeddable":true,"href":"https:\/\/blogdorogeriogomes.com.br\/noticias\/wp-json\/wp\/v2\/tags?post=26250"}],"curies":[{"name":"wp","href":"https:\/\/api.w.org\/{rel}","templated":true}]}}