{"id":26256,"date":"2022-07-30T15:18:23","date_gmt":"2022-07-30T15:18:23","guid":{"rendered":"https:\/\/blogdorogeriogomes.com.br\/?p=26256"},"modified":"2022-08-01T20:48:46","modified_gmt":"2022-08-01T20:48:46","slug":"lula-e-camilo-lancam-oficialmente-a-candidatura-de-elmano-de-freitas-ao-governo-do-ceara-em-convencao-do-pt-no-centro-de-eventos","status":"publish","type":"post","link":"https:\/\/blogdorogeriogomes.com.br\/noticias\/2022\/07\/lula-e-camilo-lancam-oficialmente-a-candidatura-de-elmano-de-freitas-ao-governo-do-ceara-em-convencao-do-pt-no-centro-de-eventos\/","title":{"rendered":"Lula e Camilo lan\u00e7am oficialmente a candidatura de Elmano de Freitas ao Governo do Cear\u00e1 em Conven\u00e7\u00e3o do PT no Centro de Eventos"},"content":{"rendered":"\n<p>O ex-presidente Lula, candidato do PT \u00e0 Presid\u00eancia da Rep\u00fablica, e o ex-governador Camilo Santana, candidato ao Senado Federal, lan\u00e7am oficialmente a candidatura do deputado estadual Elmano de Freitas ao Governo do Cear\u00e1, na Conven\u00e7\u00e3o Estadual do PT, no Centro de Eventos do Cear\u00e1, em Fortaleza, neste s\u00e1bado, dia 30 de julho.<\/p>\n\n\n\n<p>Pela manh\u00e3, Lula tomou caf\u00e9 com a governadora Izolda Cela, no Pal\u00e1cio da Aboli\u00e7\u00e3o. Izolda deixou o PDT ap\u00f3s o partido ter escolhido o ex-prefeito de Fortaleza, Roberto Cl\u00e1udio, como candidato ao Governo do Estado. O presidenciavel do PDT Ciro Gomes \u00e9 o padrinho da candidatura de RC.<\/p>\n\n\n\n<p>Com a decis\u00e3o de lan\u00e7ar candidato pr\u00f3prio ao Governo no Cear\u00e1, Lula colocou a elei\u00e7\u00e3o de Elmano de Freitas como uma prioridade. Para isso, pretende participar efetivamente da campanha do petista, incluindo com\u00edcios em munic\u00edpios do interior cearense durante a campanha.<\/p>\n\n\n\n<p><\/p>\n\n\n\n<p>Foto: David Souza<\/p>\n\n\n\n<p><\/p>\n\n\n\n<figure class=\"wp-block-image size-large\"><img loading=\"lazy\" decoding=\"async\" width=\"1024\" height=\"768\" src=\"https:\/\/blogdorogeriogomes.com.br\/wp-content\/uploads\/2022\/07\/IMG-20220730-WA0083-1024x768.jpg\" alt=\"\" class=\"wp-image-26257\" srcset=\"https:\/\/blogdorogeriogomes.com.br\/noticias\/wp-content\/uploads\/2022\/07\/IMG-20220730-WA0083-1024x768.jpg 1024w, https:\/\/blogdorogeriogomes.com.br\/noticias\/wp-content\/uploads\/2022\/07\/IMG-20220730-WA0083-300x225.jpg 300w, https:\/\/blogdorogeriogomes.com.br\/noticias\/wp-content\/uploads\/2022\/07\/IMG-20220730-WA0083-768x576.jpg 768w, https:\/\/blogdorogeriogomes.com.br\/noticias\/wp-content\/uploads\/2022\/07\/IMG-20220730-WA0083-800x600.jpg 800w, https:\/\/blogdorogeriogomes.com.br\/noticias\/wp-content\/uploads\/2022\/07\/IMG-20220730-WA0083-400x300.jpg 400w, https:\/\/blogdorogeriogomes.com.br\/noticias\/wp-content\/uploads\/2022\/07\/IMG-20220730-WA0083.jpg 1032w\" sizes=\"auto, (max-width: 1024px) 100vw, 1024px\" \/><\/figure>\n\n\n\n<p><\/p>\n","protected":false},"excerpt":{"rendered":"<p>O ex-presidente Lula, candidato do PT \u00e0 Presid\u00eancia da Rep\u00fablica, e o ex-governador Camilo Santana, candidato ao Senado Federal, lan\u00e7am oficialmente a candidatura do deputado estadual Elmano de Freitas ao Governo do Cear\u00e1, na Conven\u00e7\u00e3o Estadual do PT, no Centro de Eventos do Cear\u00e1, em Fortaleza, neste s\u00e1bado, dia 30 de julho. Pela manh\u00e3, Lula tomou caf\u00e9 com a governadora Izolda Cela, no Pal\u00e1cio da Aboli\u00e7\u00e3o. Izolda deixou o PDT ap\u00f3s o partido ter escolhido o ex-prefeito de Fortaleza,&hellip;<\/p>\n","protected":false},"author":1,"featured_media":26257,"comment_status":"open","ping_status":"open","sticky":false,"template":"","format":"standard","meta":{"footnotes":""},"categories":[1],"tags":[],"class_list":["post-26256","post","type-post","status-publish","format-standard","has-post-thumbnail","hentry","category-noticias"],"_links":{"self":[{"href":"https:\/\/blogdorogeriogomes.com.br\/noticias\/wp-json\/wp\/v2\/posts\/26256","targetHints":{"allow":["GET"]}}],"collection":[{"href":"https:\/\/blogdorogeriogomes.com.br\/noticias\/wp-json\/wp\/v2\/posts"}],"about":[{"href":"https:\/\/blogdorogeriogomes.com.br\/noticias\/wp-json\/wp\/v2\/types\/post"}],"author":[{"embeddable":true,"href":"https:\/\/blogdorogeriogomes.com.br\/noticias\/wp-json\/wp\/v2\/users\/1"}],"replies":[{"embeddable":true,"href":"https:\/\/blogdorogeriogomes.com.br\/noticias\/wp-json\/wp\/v2\/comments?post=26256"}],"version-history":[{"count":1,"href":"https:\/\/blogdorogeriogomes.com.br\/noticias\/wp-json\/wp\/v2\/posts\/26256\/revisions"}],"predecessor-version":[{"id":26258,"href":"https:\/\/blogdorogeriogomes.com.br\/noticias\/wp-json\/wp\/v2\/posts\/26256\/revisions\/26258"}],"wp:featuredmedia":[{"embeddable":true,"href":"https:\/\/blogdorogeriogomes.com.br\/noticias\/wp-json\/wp\/v2\/media\/26257"}],"wp:attachment":[{"href":"https:\/\/blogdorogeriogomes.com.br\/noticias\/wp-json\/wp\/v2\/media?parent=26256"}],"wp:term":[{"taxonomy":"category","embeddable":true,"href":"https:\/\/blogdorogeriogomes.com.br\/noticias\/wp-json\/wp\/v2\/categories?post=26256"},{"taxonomy":"post_tag","embeddable":true,"href":"https:\/\/blogdorogeriogomes.com.br\/noticias\/wp-json\/wp\/v2\/tags?post=26256"}],"curies":[{"name":"wp","href":"https:\/\/api.w.org\/{rel}","templated":true}]}}