{"id":26259,"date":"2022-07-30T15:48:28","date_gmt":"2022-07-30T15:48:28","guid":{"rendered":"https:\/\/blogdorogeriogomes.com.br\/?p=26259"},"modified":"2022-08-01T20:48:37","modified_gmt":"2022-08-01T20:48:37","slug":"psd-reune-liderancas-politicas-em-fortaleza-no-apoio-a-chapa-roberto-claudio-e-domingos-filho","status":"publish","type":"post","link":"https:\/\/blogdorogeriogomes.com.br\/noticias\/2022\/07\/psd-reune-liderancas-politicas-em-fortaleza-no-apoio-a-chapa-roberto-claudio-e-domingos-filho\/","title":{"rendered":"PSD re\u00fane lideran\u00e7as pol\u00edticas em Fortaleza no apoio \u00e0 chapa Roberto Cl\u00e1udio e Domingos Filho"},"content":{"rendered":"\n<p>O PSD Cear\u00e1 reuniu, na manh\u00e3 deste s\u00e1bado, dia 30 de julho, em Fortaleza, lideran\u00e7as pol\u00edticas de todo o Cear\u00e1 para uma reuni\u00e3o partid\u00e1ria da sigla em torno da candidatura da chapa encabe\u00e7ada por Roberto Cl\u00e1udio (PDT) e Domingos Filho (PSD). O encontro contou com comitivas de v\u00e1rios munic\u00edpios do interior.<\/p>\n\n\n\n<p>Pr\u00e9-candidato ao Governo do Estado, Roberto Cl\u00e1udio afirmou que a \u201cliga PDT e PSD \u00e9 hist\u00f3rica\u201d. \u201c\u00c9 dif\u00edcil segurar um palanque quando tem um candidato com for\u00e7a e coragem. Quando tem dois, pode sair do meio. E tenho ao meu lado um l\u00edder que agrega, une, mobiliza e que trabalha com lealdade e reciprocidade\u201d, disse o ex-prefeito de Fortaleza.&nbsp;<\/p>\n\n\n\n<figure class=\"wp-block-image size-large\"><img loading=\"lazy\" decoding=\"async\" width=\"1024\" height=\"768\" src=\"https:\/\/blogdorogeriogomes.com.br\/wp-content\/uploads\/2022\/07\/IMG-20220730-WA0094-1024x768.jpg\" alt=\"\" class=\"wp-image-26260\" srcset=\"https:\/\/blogdorogeriogomes.com.br\/noticias\/wp-content\/uploads\/2022\/07\/IMG-20220730-WA0094-1024x768.jpg 1024w, https:\/\/blogdorogeriogomes.com.br\/noticias\/wp-content\/uploads\/2022\/07\/IMG-20220730-WA0094-300x225.jpg 300w, https:\/\/blogdorogeriogomes.com.br\/noticias\/wp-content\/uploads\/2022\/07\/IMG-20220730-WA0094-768x576.jpg 768w, https:\/\/blogdorogeriogomes.com.br\/noticias\/wp-content\/uploads\/2022\/07\/IMG-20220730-WA0094-1536x1152.jpg 1536w, https:\/\/blogdorogeriogomes.com.br\/noticias\/wp-content\/uploads\/2022\/07\/IMG-20220730-WA0094-800x600.jpg 800w, https:\/\/blogdorogeriogomes.com.br\/noticias\/wp-content\/uploads\/2022\/07\/IMG-20220730-WA0094-400x300.jpg 400w, https:\/\/blogdorogeriogomes.com.br\/noticias\/wp-content\/uploads\/2022\/07\/IMG-20220730-WA0094.jpg 1600w\" sizes=\"auto, (max-width: 1024px) 100vw, 1024px\" \/><\/figure>\n","protected":false},"excerpt":{"rendered":"<p>O PSD Cear\u00e1 reuniu, na manh\u00e3 deste s\u00e1bado, dia 30 de julho, em Fortaleza, lideran\u00e7as pol\u00edticas de todo o Cear\u00e1 para uma reuni\u00e3o partid\u00e1ria da sigla em torno da candidatura da chapa encabe\u00e7ada por Roberto Cl\u00e1udio (PDT) e Domingos Filho (PSD). O encontro contou com comitivas de v\u00e1rios munic\u00edpios do interior. Pr\u00e9-candidato ao Governo do Estado, Roberto Cl\u00e1udio afirmou que a \u201cliga PDT e PSD \u00e9 hist\u00f3rica\u201d. \u201c\u00c9 dif\u00edcil segurar um palanque quando tem um candidato com for\u00e7a e&hellip;<\/p>\n","protected":false},"author":1,"featured_media":26260,"comment_status":"open","ping_status":"open","sticky":false,"template":"","format":"standard","meta":{"footnotes":""},"categories":[1],"tags":[],"class_list":["post-26259","post","type-post","status-publish","format-standard","has-post-thumbnail","hentry","category-noticias"],"_links":{"self":[{"href":"https:\/\/blogdorogeriogomes.com.br\/noticias\/wp-json\/wp\/v2\/posts\/26259","targetHints":{"allow":["GET"]}}],"collection":[{"href":"https:\/\/blogdorogeriogomes.com.br\/noticias\/wp-json\/wp\/v2\/posts"}],"about":[{"href":"https:\/\/blogdorogeriogomes.com.br\/noticias\/wp-json\/wp\/v2\/types\/post"}],"author":[{"embeddable":true,"href":"https:\/\/blogdorogeriogomes.com.br\/noticias\/wp-json\/wp\/v2\/users\/1"}],"replies":[{"embeddable":true,"href":"https:\/\/blogdorogeriogomes.com.br\/noticias\/wp-json\/wp\/v2\/comments?post=26259"}],"version-history":[{"count":2,"href":"https:\/\/blogdorogeriogomes.com.br\/noticias\/wp-json\/wp\/v2\/posts\/26259\/revisions"}],"predecessor-version":[{"id":26275,"href":"https:\/\/blogdorogeriogomes.com.br\/noticias\/wp-json\/wp\/v2\/posts\/26259\/revisions\/26275"}],"wp:featuredmedia":[{"embeddable":true,"href":"https:\/\/blogdorogeriogomes.com.br\/noticias\/wp-json\/wp\/v2\/media\/26260"}],"wp:attachment":[{"href":"https:\/\/blogdorogeriogomes.com.br\/noticias\/wp-json\/wp\/v2\/media?parent=26259"}],"wp:term":[{"taxonomy":"category","embeddable":true,"href":"https:\/\/blogdorogeriogomes.com.br\/noticias\/wp-json\/wp\/v2\/categories?post=26259"},{"taxonomy":"post_tag","embeddable":true,"href":"https:\/\/blogdorogeriogomes.com.br\/noticias\/wp-json\/wp\/v2\/tags?post=26259"}],"curies":[{"name":"wp","href":"https:\/\/api.w.org\/{rel}","templated":true}]}}