{"id":26262,"date":"2022-07-30T17:14:56","date_gmt":"2022-07-30T17:14:56","guid":{"rendered":"https:\/\/blogdorogeriogomes.com.br\/?p=26262"},"modified":"2022-08-01T20:48:29","modified_gmt":"2022-08-01T20:48:29","slug":"em-convencao-do-pt-camilo-santana-e-lula-fazem-agradecimento-ao-senador-cid-gomes","status":"publish","type":"post","link":"https:\/\/blogdorogeriogomes.com.br\/noticias\/2022\/07\/em-convencao-do-pt-camilo-santana-e-lula-fazem-agradecimento-ao-senador-cid-gomes\/","title":{"rendered":"Em Conven\u00e7\u00e3o do PT, Camilo Santana e Lula fazem agradecimento ao senador Cid Gomes"},"content":{"rendered":"\n<p>Em meio ao rompimento pol\u00edtico entre o PT e o PDT para a disputa estadual de outubro no Cear\u00e1, o ex-governador Camilo Santana e o ex-presidente Lula fizeram um agradecimento ao senador Cid Gomes (PDT) pela parceria pol\u00edtica nos \u00faltimos 16 anos de alian\u00e7a. \u201cQuero fazer uma homenagem a um irm\u00e3o e amigo que fez muito pelo Cear\u00e1, Cid Gomes. Dizer a ele que ningu\u00e9m nos separa, da minha amizade e minha gratid\u00e3o&#8221;, disse Camilo Santana.<\/p>\n\n\n\n<p>O senador Cid Gomes e o prefeito de Sobral, Ivo Gomes, eram favor\u00e1veis \u00e0 candidatura da governadora Izolda Cela \u00e0 reelei\u00e7\u00e3o e a consequente manuten\u00e7\u00e3o da alian\u00e7a de partidos envolvendo PT, MDB e PP. No entanto, o irm\u00e3o Ciro Gomes tomou a frente das negocia\u00e7\u00f5es que resultaram na escolha de Roberto Cl\u00e1udio.<\/p>\n\n\n\n<p>No seu discurso na Conven\u00e7\u00e3o do PT, Lula elogiou a postura de Camilo Santana em rela\u00e7\u00e3o a Cid Gomes. &#8220;A gente tem que ser grato por quem fez por n\u00f3s. O senador Cid Gomes sempre foi parceiro durante o seu Governo na busca do que era mais importante para o desenvolvimento do Cear\u00e1&#8221;, ponderou o candidato do PT \u00e0 Presid\u00eancia da Rep\u00fablica.<\/p>\n\n\n\n<p>Lula ainda fez refer\u00eancia e se solidarizou com a governadora Izolda Cela. &#8220;O Cear\u00e1 tem de respeitar a compet\u00eancia e o trabalho realizado pela educadora Izolda Cela que j\u00e1 consolidou o seu nome por sua luta pela educa\u00e7\u00e3o no Estado e que \u00e9 refer\u00eancia no pa\u00eds&#8221;, referendou o petista.<\/p>\n\n\n\n<figure class=\"wp-block-image size-full\"><img loading=\"lazy\" decoding=\"async\" width=\"760\" height=\"743\" src=\"https:\/\/blogdorogeriogomes.com.br\/wp-content\/uploads\/2022\/07\/camilo-lula-elmano2.jpeg\" alt=\"\" class=\"wp-image-26263\" srcset=\"https:\/\/blogdorogeriogomes.com.br\/noticias\/wp-content\/uploads\/2022\/07\/camilo-lula-elmano2.jpeg 760w, https:\/\/blogdorogeriogomes.com.br\/noticias\/wp-content\/uploads\/2022\/07\/camilo-lula-elmano2-300x293.jpeg 300w\" sizes=\"auto, (max-width: 760px) 100vw, 760px\" \/><\/figure>\n","protected":false},"excerpt":{"rendered":"<p>Em meio ao rompimento pol\u00edtico entre o PT e o PDT para a disputa estadual de outubro no Cear\u00e1, o ex-governador Camilo Santana e o ex-presidente Lula fizeram um agradecimento ao senador Cid Gomes (PDT) pela parceria pol\u00edtica nos \u00faltimos 16 anos de alian\u00e7a. \u201cQuero fazer uma homenagem a um irm\u00e3o e amigo que fez muito pelo Cear\u00e1, Cid Gomes. Dizer a ele que ningu\u00e9m nos separa, da minha amizade e minha gratid\u00e3o&#8221;, disse Camilo Santana. O senador Cid&hellip;<\/p>\n","protected":false},"author":1,"featured_media":26263,"comment_status":"open","ping_status":"open","sticky":false,"template":"","format":"standard","meta":{"footnotes":""},"categories":[1],"tags":[],"class_list":["post-26262","post","type-post","status-publish","format-standard","has-post-thumbnail","hentry","category-noticias"],"_links":{"self":[{"href":"https:\/\/blogdorogeriogomes.com.br\/noticias\/wp-json\/wp\/v2\/posts\/26262","targetHints":{"allow":["GET"]}}],"collection":[{"href":"https:\/\/blogdorogeriogomes.com.br\/noticias\/wp-json\/wp\/v2\/posts"}],"about":[{"href":"https:\/\/blogdorogeriogomes.com.br\/noticias\/wp-json\/wp\/v2\/types\/post"}],"author":[{"embeddable":true,"href":"https:\/\/blogdorogeriogomes.com.br\/noticias\/wp-json\/wp\/v2\/users\/1"}],"replies":[{"embeddable":true,"href":"https:\/\/blogdorogeriogomes.com.br\/noticias\/wp-json\/wp\/v2\/comments?post=26262"}],"version-history":[{"count":1,"href":"https:\/\/blogdorogeriogomes.com.br\/noticias\/wp-json\/wp\/v2\/posts\/26262\/revisions"}],"predecessor-version":[{"id":26264,"href":"https:\/\/blogdorogeriogomes.com.br\/noticias\/wp-json\/wp\/v2\/posts\/26262\/revisions\/26264"}],"wp:featuredmedia":[{"embeddable":true,"href":"https:\/\/blogdorogeriogomes.com.br\/noticias\/wp-json\/wp\/v2\/media\/26263"}],"wp:attachment":[{"href":"https:\/\/blogdorogeriogomes.com.br\/noticias\/wp-json\/wp\/v2\/media?parent=26262"}],"wp:term":[{"taxonomy":"category","embeddable":true,"href":"https:\/\/blogdorogeriogomes.com.br\/noticias\/wp-json\/wp\/v2\/categories?post=26262"},{"taxonomy":"post_tag","embeddable":true,"href":"https:\/\/blogdorogeriogomes.com.br\/noticias\/wp-json\/wp\/v2\/tags?post=26262"}],"curies":[{"name":"wp","href":"https:\/\/api.w.org\/{rel}","templated":true}]}}