{"id":26265,"date":"2022-08-01T12:24:23","date_gmt":"2022-08-01T12:24:23","guid":{"rendered":"https:\/\/blogdorogeriogomes.com.br\/?p=26265"},"modified":"2022-08-01T20:48:20","modified_gmt":"2022-08-01T20:48:20","slug":"ibge-inicia-as-visitas-domiciliares-para-o-censo-2022-a-partir-desta-segunda-feira-em-todo-o-ceara","status":"publish","type":"post","link":"https:\/\/blogdorogeriogomes.com.br\/noticias\/2022\/08\/ibge-inicia-as-visitas-domiciliares-para-o-censo-2022-a-partir-desta-segunda-feira-em-todo-o-ceara\/","title":{"rendered":"IBGE inicia as visitas domiciliares para o Censo 2022 a partir desta segunda-feira em todo o Cear\u00e1"},"content":{"rendered":"\n<p>O Instituto Brasileiro de Geografia e Estat\u00edstica (IBGE) inicia, nesta segunda-feira, dia 1\u00ba de agosto, o&nbsp;Censo Demogr\u00e1fico 2022. No Cear\u00e1, 7.348 recenseadores foram treinados para a realiza\u00e7\u00e3o do trabalho, dos quais 2.269 atuar\u00e3o apenas em Fortaleza.<\/p>\n\n\n\n<p>Os recenseadores v\u00e3o visitar&nbsp;cerca de tr\u00eas milh\u00f5es de domic\u00edlios no Cear\u00e1. As visitas ocorrem durante toda a semana na parte da manh\u00e3 e da tarde.<\/p>\n\n\n\n<p>Os entrevistadores sempre est\u00e3o identificados pro crach\u00e1, com nome e matr\u00edcula. A identidade dos profissionais podem ser verificadas por meio da Central de Atendimento do IBGE ou de um&nbsp;formul\u00e1rio no site. Em algumas localidades, os entrevistadores poder\u00e3o usar colete e crach\u00e1 com a identidade visual do IBGE.&nbsp;<\/p>\n\n\n\n<figure class=\"wp-block-image size-full\"><img loading=\"lazy\" decoding=\"async\" width=\"984\" height=\"545\" src=\"https:\/\/blogdorogeriogomes.com.br\/wp-content\/uploads\/2022\/08\/censo.jpg\" alt=\"\" class=\"wp-image-26266\" srcset=\"https:\/\/blogdorogeriogomes.com.br\/noticias\/wp-content\/uploads\/2022\/08\/censo.jpg 984w, https:\/\/blogdorogeriogomes.com.br\/noticias\/wp-content\/uploads\/2022\/08\/censo-300x166.jpg 300w, https:\/\/blogdorogeriogomes.com.br\/noticias\/wp-content\/uploads\/2022\/08\/censo-768x425.jpg 768w, https:\/\/blogdorogeriogomes.com.br\/noticias\/wp-content\/uploads\/2022\/08\/censo-800x443.jpg 800w\" sizes=\"auto, (max-width: 984px) 100vw, 984px\" \/><\/figure>\n","protected":false},"excerpt":{"rendered":"<p>O Instituto Brasileiro de Geografia e Estat\u00edstica (IBGE) inicia, nesta segunda-feira, dia 1\u00ba de agosto, o&nbsp;Censo Demogr\u00e1fico 2022. No Cear\u00e1, 7.348 recenseadores foram treinados para a realiza\u00e7\u00e3o do trabalho, dos quais 2.269 atuar\u00e3o apenas em Fortaleza. Os recenseadores v\u00e3o visitar&nbsp;cerca de tr\u00eas milh\u00f5es de domic\u00edlios no Cear\u00e1. As visitas ocorrem durante toda a semana na parte da manh\u00e3 e da tarde. Os entrevistadores sempre est\u00e3o identificados pro crach\u00e1, com nome e matr\u00edcula. A identidade dos profissionais podem ser verificadas&hellip;<\/p>\n","protected":false},"author":1,"featured_media":26266,"comment_status":"open","ping_status":"open","sticky":false,"template":"","format":"standard","meta":{"footnotes":""},"categories":[1],"tags":[],"class_list":["post-26265","post","type-post","status-publish","format-standard","has-post-thumbnail","hentry","category-noticias"],"_links":{"self":[{"href":"https:\/\/blogdorogeriogomes.com.br\/noticias\/wp-json\/wp\/v2\/posts\/26265","targetHints":{"allow":["GET"]}}],"collection":[{"href":"https:\/\/blogdorogeriogomes.com.br\/noticias\/wp-json\/wp\/v2\/posts"}],"about":[{"href":"https:\/\/blogdorogeriogomes.com.br\/noticias\/wp-json\/wp\/v2\/types\/post"}],"author":[{"embeddable":true,"href":"https:\/\/blogdorogeriogomes.com.br\/noticias\/wp-json\/wp\/v2\/users\/1"}],"replies":[{"embeddable":true,"href":"https:\/\/blogdorogeriogomes.com.br\/noticias\/wp-json\/wp\/v2\/comments?post=26265"}],"version-history":[{"count":2,"href":"https:\/\/blogdorogeriogomes.com.br\/noticias\/wp-json\/wp\/v2\/posts\/26265\/revisions"}],"predecessor-version":[{"id":26274,"href":"https:\/\/blogdorogeriogomes.com.br\/noticias\/wp-json\/wp\/v2\/posts\/26265\/revisions\/26274"}],"wp:featuredmedia":[{"embeddable":true,"href":"https:\/\/blogdorogeriogomes.com.br\/noticias\/wp-json\/wp\/v2\/media\/26266"}],"wp:attachment":[{"href":"https:\/\/blogdorogeriogomes.com.br\/noticias\/wp-json\/wp\/v2\/media?parent=26265"}],"wp:term":[{"taxonomy":"category","embeddable":true,"href":"https:\/\/blogdorogeriogomes.com.br\/noticias\/wp-json\/wp\/v2\/categories?post=26265"},{"taxonomy":"post_tag","embeddable":true,"href":"https:\/\/blogdorogeriogomes.com.br\/noticias\/wp-json\/wp\/v2\/tags?post=26265"}],"curies":[{"name":"wp","href":"https:\/\/api.w.org\/{rel}","templated":true}]}}