{"id":26268,"date":"2022-08-01T14:42:08","date_gmt":"2022-08-01T14:42:08","guid":{"rendered":"https:\/\/blogdorogeriogomes.com.br\/?p=26268"},"modified":"2022-08-01T20:48:10","modified_gmt":"2022-08-01T20:48:10","slug":"senador-tasso-jereissati-decide-apoiar-roberto-claudio-do-pdt-ao-governo-do-estado","status":"publish","type":"post","link":"https:\/\/blogdorogeriogomes.com.br\/noticias\/2022\/08\/senador-tasso-jereissati-decide-apoiar-roberto-claudio-do-pdt-ao-governo-do-estado\/","title":{"rendered":"Senador Tasso Jereissati decide apoiar Roberto Cl\u00e1udio, do PDT, ao Governo do Estado"},"content":{"rendered":"\n<p>O senador Tasso Jereissati (PSDB) decidiu nesta segunda-feira, dia 1\u00b0 de agosto, apoiar a candidatura de Roberto Cl\u00e1udio (PDT) ao Governo do Cear\u00e1. O tucano tamb\u00e9m vinha sendo sondado pelo ex-governador Camilo Santana (PT) para aderir \u00e0 candidatura de Elmano de Freitas (PT). Em comunicado, Tasso disse que &#8220;na condi\u00e7\u00e3o de prefeito de Fortaleza, ele (Roberto Cl\u00e1udio) demonstrou sua capacidade de gest\u00e3o e seu esp\u00edrito p\u00fablico.&#8221;<\/p>\n\n\n\n<p>O PSDB hoje \u00e9 integrante da administra\u00e7\u00e3o do prefeito Jos\u00e9 Sarto (PDT) em Fortaleza. Sarto \u00e9 um dos principais apoiadores de Roberto Cl\u00e1udio na disputa para o Governo do Estado.<\/p>\n\n\n\n<p>O ex-secret\u00e1rio de Sa\u00fade do Estado, Dr. Cabeto (PSDB) foi convidado para ser o candidato ao Senado na chapa encabe\u00e7ada por RC, mas recusou a oferta.<br><\/p>\n\n\n\n<figure class=\"wp-block-image size-full\"><img loading=\"lazy\" decoding=\"async\" width=\"664\" height=\"462\" src=\"https:\/\/blogdorogeriogomes.com.br\/wp-content\/uploads\/2022\/08\/images-23.jpeg\" alt=\"\" class=\"wp-image-26269\" srcset=\"https:\/\/blogdorogeriogomes.com.br\/noticias\/wp-content\/uploads\/2022\/08\/images-23.jpeg 664w, https:\/\/blogdorogeriogomes.com.br\/noticias\/wp-content\/uploads\/2022\/08\/images-23-300x209.jpeg 300w\" sizes=\"auto, (max-width: 664px) 100vw, 664px\" \/><\/figure>\n","protected":false},"excerpt":{"rendered":"<p>O senador Tasso Jereissati (PSDB) decidiu nesta segunda-feira, dia 1\u00b0 de agosto, apoiar a candidatura de Roberto Cl\u00e1udio (PDT) ao Governo do Cear\u00e1. O tucano tamb\u00e9m vinha sendo sondado pelo ex-governador Camilo Santana (PT) para aderir \u00e0 candidatura de Elmano de Freitas (PT). Em comunicado, Tasso disse que &#8220;na condi\u00e7\u00e3o de prefeito de Fortaleza, ele (Roberto Cl\u00e1udio) demonstrou sua capacidade de gest\u00e3o e seu esp\u00edrito p\u00fablico.&#8221; O PSDB hoje \u00e9 integrante da administra\u00e7\u00e3o do prefeito Jos\u00e9 Sarto (PDT) em&hellip;<\/p>\n","protected":false},"author":1,"featured_media":26269,"comment_status":"open","ping_status":"open","sticky":false,"template":"","format":"standard","meta":{"footnotes":""},"categories":[1],"tags":[],"class_list":["post-26268","post","type-post","status-publish","format-standard","has-post-thumbnail","hentry","category-noticias"],"_links":{"self":[{"href":"https:\/\/blogdorogeriogomes.com.br\/noticias\/wp-json\/wp\/v2\/posts\/26268","targetHints":{"allow":["GET"]}}],"collection":[{"href":"https:\/\/blogdorogeriogomes.com.br\/noticias\/wp-json\/wp\/v2\/posts"}],"about":[{"href":"https:\/\/blogdorogeriogomes.com.br\/noticias\/wp-json\/wp\/v2\/types\/post"}],"author":[{"embeddable":true,"href":"https:\/\/blogdorogeriogomes.com.br\/noticias\/wp-json\/wp\/v2\/users\/1"}],"replies":[{"embeddable":true,"href":"https:\/\/blogdorogeriogomes.com.br\/noticias\/wp-json\/wp\/v2\/comments?post=26268"}],"version-history":[{"count":1,"href":"https:\/\/blogdorogeriogomes.com.br\/noticias\/wp-json\/wp\/v2\/posts\/26268\/revisions"}],"predecessor-version":[{"id":26270,"href":"https:\/\/blogdorogeriogomes.com.br\/noticias\/wp-json\/wp\/v2\/posts\/26268\/revisions\/26270"}],"wp:featuredmedia":[{"embeddable":true,"href":"https:\/\/blogdorogeriogomes.com.br\/noticias\/wp-json\/wp\/v2\/media\/26269"}],"wp:attachment":[{"href":"https:\/\/blogdorogeriogomes.com.br\/noticias\/wp-json\/wp\/v2\/media?parent=26268"}],"wp:term":[{"taxonomy":"category","embeddable":true,"href":"https:\/\/blogdorogeriogomes.com.br\/noticias\/wp-json\/wp\/v2\/categories?post=26268"},{"taxonomy":"post_tag","embeddable":true,"href":"https:\/\/blogdorogeriogomes.com.br\/noticias\/wp-json\/wp\/v2\/tags?post=26268"}],"curies":[{"name":"wp","href":"https:\/\/api.w.org\/{rel}","templated":true}]}}