{"id":26280,"date":"2022-08-01T23:38:03","date_gmt":"2022-08-01T23:38:03","guid":{"rendered":"https:\/\/blogdorogeriogomes.com.br\/?p=26280"},"modified":"2022-08-02T12:56:11","modified_gmt":"2022-08-02T12:56:11","slug":"prefeito-jose-sarto-diz-que-projeto-da-taxa-de-lixo-so-deve-chegar-a-camara-municipal-ate-o-fim-do-ano","status":"publish","type":"post","link":"https:\/\/blogdorogeriogomes.com.br\/noticias\/2022\/08\/prefeito-jose-sarto-diz-que-projeto-da-taxa-de-lixo-so-deve-chegar-a-camara-municipal-ate-o-fim-do-ano\/","title":{"rendered":"Prefeito Jos\u00e9 Sarto diz que projeto da taxa de lixo s\u00f3 deve chegar \u00e0 C\u00e2mara Municipal at\u00e9 o fim do ano"},"content":{"rendered":"\n<p>O prefeito de Fortaleza, Jos\u00e9 Sarto (PDT), participou nesta segunda-feira, dia 1\u00b0 de agosto, da reabertura dos trabalhos na C\u00e2mara Municipal de Fortaleza. Ao lado vice Elcio Batista e do presidente da C\u00e2mara, Ant\u00f4nio Henrique, Sarto concedeu uma entrevista coletiva aos jornalistas. Entre temas importantes que foram tratados, o prefeito de Fortaleza disse que s\u00f3 deve enviar para o Legislativo a proposta de cria\u00e7\u00e3o de uma taxa de lixo na Capital at\u00e9 o fim do ano, ap\u00f3s a realiza\u00e7\u00e3o das elei\u00e7\u00f5es. Inicialmente, a ideia era que a mensagem j\u00e1 come\u00e7aria a tramitar no in\u00edcio do segundo semestre.<\/p>\n\n\n\n<p>Jos\u00e9 Sarto, que \u00e9 defensor da candidatura de Roberto Cl\u00e1udio ao Governo do Estado, diz que a parceria com o Governo do Estado n\u00e3o deve sofrer nenhum abalo depois da desfilia\u00e7\u00e3o da governadora Izolda Cela, que era do mesmo partido do prefeito. Segundo Sarto, ele conversou com Izolda Cela e a rela\u00e7\u00e3o institucional entre Estado e Munic\u00edpio ser\u00e1 preservada.<\/p>\n\n\n\n<p>Outro an\u00fancio do prefeito feito durante a coletiva \u00e9 o interesse de Fortaleza realizar uma festa de R\u00e9veillon hist\u00f3rica em 2023 com a contrata\u00e7\u00e3o de uma atra\u00e7\u00e3o internacional para a noitada de shows no Aterro da Praia de Iracema e a possibilidade de realiza\u00e7\u00e3o de duas noites de festa.<\/p>\n\n\n\n<figure class=\"wp-block-image size-large\"><img loading=\"lazy\" decoding=\"async\" width=\"1024\" height=\"683\" src=\"https:\/\/blogdorogeriogomes.com.br\/wp-content\/uploads\/2022\/08\/IMG-20220801-WA0127-1024x683.jpg\" alt=\"\" class=\"wp-image-26281\" srcset=\"https:\/\/blogdorogeriogomes.com.br\/noticias\/wp-content\/uploads\/2022\/08\/IMG-20220801-WA0127-1024x683.jpg 1024w, https:\/\/blogdorogeriogomes.com.br\/noticias\/wp-content\/uploads\/2022\/08\/IMG-20220801-WA0127-300x200.jpg 300w, https:\/\/blogdorogeriogomes.com.br\/noticias\/wp-content\/uploads\/2022\/08\/IMG-20220801-WA0127-768x512.jpg 768w, https:\/\/blogdorogeriogomes.com.br\/noticias\/wp-content\/uploads\/2022\/08\/IMG-20220801-WA0127-800x533.jpg 800w, https:\/\/blogdorogeriogomes.com.br\/noticias\/wp-content\/uploads\/2022\/08\/IMG-20220801-WA0127.jpg 1080w\" sizes=\"auto, (max-width: 1024px) 100vw, 1024px\" \/><\/figure>\n","protected":false},"excerpt":{"rendered":"<p>O prefeito de Fortaleza, Jos\u00e9 Sarto (PDT), participou nesta segunda-feira, dia 1\u00b0 de agosto, da reabertura dos trabalhos na C\u00e2mara Municipal de Fortaleza. Ao lado vice Elcio Batista e do presidente da C\u00e2mara, Ant\u00f4nio Henrique, Sarto concedeu uma entrevista coletiva aos jornalistas. Entre temas importantes que foram tratados, o prefeito de Fortaleza disse que s\u00f3 deve enviar para o Legislativo a proposta de cria\u00e7\u00e3o de uma taxa de lixo na Capital at\u00e9 o fim do ano, ap\u00f3s a realiza\u00e7\u00e3o&hellip;<\/p>\n","protected":false},"author":1,"featured_media":26281,"comment_status":"open","ping_status":"open","sticky":false,"template":"","format":"standard","meta":{"footnotes":""},"categories":[1],"tags":[],"class_list":["post-26280","post","type-post","status-publish","format-standard","has-post-thumbnail","hentry","category-noticias"],"_links":{"self":[{"href":"https:\/\/blogdorogeriogomes.com.br\/noticias\/wp-json\/wp\/v2\/posts\/26280","targetHints":{"allow":["GET"]}}],"collection":[{"href":"https:\/\/blogdorogeriogomes.com.br\/noticias\/wp-json\/wp\/v2\/posts"}],"about":[{"href":"https:\/\/blogdorogeriogomes.com.br\/noticias\/wp-json\/wp\/v2\/types\/post"}],"author":[{"embeddable":true,"href":"https:\/\/blogdorogeriogomes.com.br\/noticias\/wp-json\/wp\/v2\/users\/1"}],"replies":[{"embeddable":true,"href":"https:\/\/blogdorogeriogomes.com.br\/noticias\/wp-json\/wp\/v2\/comments?post=26280"}],"version-history":[{"count":1,"href":"https:\/\/blogdorogeriogomes.com.br\/noticias\/wp-json\/wp\/v2\/posts\/26280\/revisions"}],"predecessor-version":[{"id":26282,"href":"https:\/\/blogdorogeriogomes.com.br\/noticias\/wp-json\/wp\/v2\/posts\/26280\/revisions\/26282"}],"wp:featuredmedia":[{"embeddable":true,"href":"https:\/\/blogdorogeriogomes.com.br\/noticias\/wp-json\/wp\/v2\/media\/26281"}],"wp:attachment":[{"href":"https:\/\/blogdorogeriogomes.com.br\/noticias\/wp-json\/wp\/v2\/media?parent=26280"}],"wp:term":[{"taxonomy":"category","embeddable":true,"href":"https:\/\/blogdorogeriogomes.com.br\/noticias\/wp-json\/wp\/v2\/categories?post=26280"},{"taxonomy":"post_tag","embeddable":true,"href":"https:\/\/blogdorogeriogomes.com.br\/noticias\/wp-json\/wp\/v2\/tags?post=26280"}],"curies":[{"name":"wp","href":"https:\/\/api.w.org\/{rel}","templated":true}]}}