{"id":26283,"date":"2022-08-02T10:34:08","date_gmt":"2022-08-02T10:34:08","guid":{"rendered":"https:\/\/blogdorogeriogomes.com.br\/?p=26283"},"modified":"2022-08-02T12:56:03","modified_gmt":"2022-08-02T12:56:03","slug":"marcos-gadelha-deixa-secretaria-de-saude-do-estado-governo-deve-indicar-um-substituto-nesta-terca-feira","status":"publish","type":"post","link":"https:\/\/blogdorogeriogomes.com.br\/noticias\/2022\/08\/marcos-gadelha-deixa-secretaria-de-saude-do-estado-governo-deve-indicar-um-substituto-nesta-terca-feira\/","title":{"rendered":"Marcos Gadelha deixa Secretaria de Sa\u00fade do Estado. Governo deve indicar um substituto nesta ter\u00e7a-feira"},"content":{"rendered":"\n<p>Alegando quest\u00f5es pessoais, o secret\u00e1rio de Sa\u00fade do Cear\u00e1, Marcos Gadelha, pediu demiss\u00e3o do cargo na noite desta segunda-feira, dia 1\u00b0 de agosto. Ele estava no cargo desde agosto de 2021, quando foi nomeado pelo ent\u00e3o governador Camilo Santana para o lugar de Dr. Cabeto.<\/p>\n\n\n\n<p>Marcos Gadelha foi secret\u00e1rio adjunto Estadual da Sa\u00fade de 2015 a 2018, e a partir de 2019 no segundo mandato de Camilo passou a ocupar a atual Secretaria-Executiva de Pol\u00edticas de Sa\u00fade do Estado do Cear\u00e1. No Governo Izolda Cela, teve importante participa\u00e7\u00e3o no combate \u00e0 quarta onda da Covid-19 e na acelera\u00e7\u00e3o do processo de vacina\u00e7\u00e3o contra o coronav\u00edrus no Estado.<\/p>\n\n\n\n<p>A expectativa \u00e9 que a governadora Izolda Cela anuncie ao longo desta ter\u00e7a-feira, dia  2 de agosto, o nome do substituto de Marcos Gadelha na pasta da sa\u00fade.<\/p>\n\n\n\n<figure class=\"wp-block-image size-full\"><img loading=\"lazy\" decoding=\"async\" width=\"678\" height=\"452\" src=\"https:\/\/blogdorogeriogomes.com.br\/wp-content\/uploads\/2022\/08\/images-25.jpeg\" alt=\"\" class=\"wp-image-26284\" srcset=\"https:\/\/blogdorogeriogomes.com.br\/noticias\/wp-content\/uploads\/2022\/08\/images-25.jpeg 678w, https:\/\/blogdorogeriogomes.com.br\/noticias\/wp-content\/uploads\/2022\/08\/images-25-300x200.jpeg 300w\" sizes=\"auto, (max-width: 678px) 100vw, 678px\" \/><\/figure>\n","protected":false},"excerpt":{"rendered":"<p>Alegando quest\u00f5es pessoais, o secret\u00e1rio de Sa\u00fade do Cear\u00e1, Marcos Gadelha, pediu demiss\u00e3o do cargo na noite desta segunda-feira, dia 1\u00b0 de agosto. Ele estava no cargo desde agosto de 2021, quando foi nomeado pelo ent\u00e3o governador Camilo Santana para o lugar de Dr. Cabeto. Marcos Gadelha foi secret\u00e1rio adjunto Estadual da Sa\u00fade de 2015 a 2018, e a partir de 2019 no segundo mandato de Camilo passou a ocupar a atual Secretaria-Executiva de Pol\u00edticas de Sa\u00fade do Estado&hellip;<\/p>\n","protected":false},"author":1,"featured_media":26284,"comment_status":"open","ping_status":"open","sticky":false,"template":"","format":"standard","meta":{"footnotes":""},"categories":[1],"tags":[],"class_list":["post-26283","post","type-post","status-publish","format-standard","has-post-thumbnail","hentry","category-noticias"],"_links":{"self":[{"href":"https:\/\/blogdorogeriogomes.com.br\/noticias\/wp-json\/wp\/v2\/posts\/26283","targetHints":{"allow":["GET"]}}],"collection":[{"href":"https:\/\/blogdorogeriogomes.com.br\/noticias\/wp-json\/wp\/v2\/posts"}],"about":[{"href":"https:\/\/blogdorogeriogomes.com.br\/noticias\/wp-json\/wp\/v2\/types\/post"}],"author":[{"embeddable":true,"href":"https:\/\/blogdorogeriogomes.com.br\/noticias\/wp-json\/wp\/v2\/users\/1"}],"replies":[{"embeddable":true,"href":"https:\/\/blogdorogeriogomes.com.br\/noticias\/wp-json\/wp\/v2\/comments?post=26283"}],"version-history":[{"count":1,"href":"https:\/\/blogdorogeriogomes.com.br\/noticias\/wp-json\/wp\/v2\/posts\/26283\/revisions"}],"predecessor-version":[{"id":26285,"href":"https:\/\/blogdorogeriogomes.com.br\/noticias\/wp-json\/wp\/v2\/posts\/26283\/revisions\/26285"}],"wp:featuredmedia":[{"embeddable":true,"href":"https:\/\/blogdorogeriogomes.com.br\/noticias\/wp-json\/wp\/v2\/media\/26284"}],"wp:attachment":[{"href":"https:\/\/blogdorogeriogomes.com.br\/noticias\/wp-json\/wp\/v2\/media?parent=26283"}],"wp:term":[{"taxonomy":"category","embeddable":true,"href":"https:\/\/blogdorogeriogomes.com.br\/noticias\/wp-json\/wp\/v2\/categories?post=26283"},{"taxonomy":"post_tag","embeddable":true,"href":"https:\/\/blogdorogeriogomes.com.br\/noticias\/wp-json\/wp\/v2\/tags?post=26283"}],"curies":[{"name":"wp","href":"https:\/\/api.w.org\/{rel}","templated":true}]}}