{"id":26286,"date":"2022-08-02T11:19:06","date_gmt":"2022-08-02T11:19:06","guid":{"rendered":"https:\/\/blogdorogeriogomes.com.br\/?p=26286"},"modified":"2022-08-02T12:55:53","modified_gmt":"2022-08-02T12:55:53","slug":"duas-pesquisas-eleitorais-medem-o-cenario-da-disputa-pelo-governo-do-ceara-nesta-semana","status":"publish","type":"post","link":"https:\/\/blogdorogeriogomes.com.br\/noticias\/2022\/08\/duas-pesquisas-eleitorais-medem-o-cenario-da-disputa-pelo-governo-do-ceara-nesta-semana\/","title":{"rendered":"Duas pesquisas eleitorais medem o cen\u00e1rio da disputa pelo Governo do Cear\u00e1 nesta semana"},"content":{"rendered":"\n<p>A disputa pelo Governo do Cear\u00e1 ganhou novos contornos com a realiza\u00e7\u00e3o das \u00faltimas conven\u00e7\u00f5es partid\u00e1rias. Nesta semana, dois institutos de pesquisa est\u00e3o medindo como est\u00e1 a prefer\u00eancia do eleitor cearense diante dos candidatos j\u00e1 apresentados. O Instituto Ipespe e o Real Big Data est\u00e3o com pesquisas registradas pelo Tribunal Superior Eleitoral (TSE). Os resultados das consultas devem ser apresentados at\u00e9 esta quinta-feira, dia 4 de agosto.<\/p>\n\n\n\n<p>Faltam dois meses para o 1\u00b0 turno das Elei\u00e7\u00f5es 2022, que est\u00e1 previsto para o dia 2 de outubro. O pleito vai definir o pr\u00f3ximo presidente da Rep\u00fablica, al\u00e9m de senadores,&nbsp;governadores, deputados federais e estaduais. <\/p>\n\n\n\n<p>No Cear\u00e1, pelo menos  sete&nbsp;nomes ir\u00e3o disputar o comando do Pal\u00e1cio da Aboli\u00e7\u00e3o.&nbsp;Os concorrentes s\u00e3o Capit\u00e3o Wagner (Uni\u00e3o Brasil), Elmano de Freitas (PT), Roberto Cl\u00e1udio (PDT), Adelita Monteiro (Psol), Serley Leal (UP), Z\u00e9 Batista (PSTU) e Chico Malta (PCB).&nbsp;<\/p>\n\n\n\n<figure class=\"wp-block-image size-full\"><img loading=\"lazy\" decoding=\"async\" width=\"600\" height=\"290\" src=\"https:\/\/blogdorogeriogomes.com.br\/wp-content\/uploads\/2022\/08\/photo1658711009-1.jpeg\" alt=\"\" class=\"wp-image-26287\" srcset=\"https:\/\/blogdorogeriogomes.com.br\/noticias\/wp-content\/uploads\/2022\/08\/photo1658711009-1.jpeg 600w, https:\/\/blogdorogeriogomes.com.br\/noticias\/wp-content\/uploads\/2022\/08\/photo1658711009-1-300x145.jpeg 300w\" sizes=\"auto, (max-width: 600px) 100vw, 600px\" \/><\/figure>\n","protected":false},"excerpt":{"rendered":"<p>A disputa pelo Governo do Cear\u00e1 ganhou novos contornos com a realiza\u00e7\u00e3o das \u00faltimas conven\u00e7\u00f5es partid\u00e1rias. Nesta semana, dois institutos de pesquisa est\u00e3o medindo como est\u00e1 a prefer\u00eancia do eleitor cearense diante dos candidatos j\u00e1 apresentados. O Instituto Ipespe e o Real Big Data est\u00e3o com pesquisas registradas pelo Tribunal Superior Eleitoral (TSE). Os resultados das consultas devem ser apresentados at\u00e9 esta quinta-feira, dia 4 de agosto. Faltam dois meses para o 1\u00b0 turno das Elei\u00e7\u00f5es 2022, que est\u00e1&hellip;<\/p>\n","protected":false},"author":1,"featured_media":26287,"comment_status":"open","ping_status":"open","sticky":false,"template":"","format":"standard","meta":{"footnotes":""},"categories":[1],"tags":[],"class_list":["post-26286","post","type-post","status-publish","format-standard","has-post-thumbnail","hentry","category-noticias"],"_links":{"self":[{"href":"https:\/\/blogdorogeriogomes.com.br\/noticias\/wp-json\/wp\/v2\/posts\/26286","targetHints":{"allow":["GET"]}}],"collection":[{"href":"https:\/\/blogdorogeriogomes.com.br\/noticias\/wp-json\/wp\/v2\/posts"}],"about":[{"href":"https:\/\/blogdorogeriogomes.com.br\/noticias\/wp-json\/wp\/v2\/types\/post"}],"author":[{"embeddable":true,"href":"https:\/\/blogdorogeriogomes.com.br\/noticias\/wp-json\/wp\/v2\/users\/1"}],"replies":[{"embeddable":true,"href":"https:\/\/blogdorogeriogomes.com.br\/noticias\/wp-json\/wp\/v2\/comments?post=26286"}],"version-history":[{"count":2,"href":"https:\/\/blogdorogeriogomes.com.br\/noticias\/wp-json\/wp\/v2\/posts\/26286\/revisions"}],"predecessor-version":[{"id":26289,"href":"https:\/\/blogdorogeriogomes.com.br\/noticias\/wp-json\/wp\/v2\/posts\/26286\/revisions\/26289"}],"wp:featuredmedia":[{"embeddable":true,"href":"https:\/\/blogdorogeriogomes.com.br\/noticias\/wp-json\/wp\/v2\/media\/26287"}],"wp:attachment":[{"href":"https:\/\/blogdorogeriogomes.com.br\/noticias\/wp-json\/wp\/v2\/media?parent=26286"}],"wp:term":[{"taxonomy":"category","embeddable":true,"href":"https:\/\/blogdorogeriogomes.com.br\/noticias\/wp-json\/wp\/v2\/categories?post=26286"},{"taxonomy":"post_tag","embeddable":true,"href":"https:\/\/blogdorogeriogomes.com.br\/noticias\/wp-json\/wp\/v2\/tags?post=26286"}],"curies":[{"name":"wp","href":"https:\/\/api.w.org\/{rel}","templated":true}]}}