{"id":26293,"date":"2022-08-02T20:56:01","date_gmt":"2022-08-02T20:56:01","guid":{"rendered":"https:\/\/blogdorogeriogomes.com.br\/?p=26293"},"modified":"2022-08-03T11:30:32","modified_gmt":"2022-08-03T11:30:32","slug":"em-meio-as-negociacoes-por-apoio-elmano-de-freitas-ganha-o-solidariedade-mas-tem-apoio-negado-pelo-pp-em-nivel-nacional","status":"publish","type":"post","link":"https:\/\/blogdorogeriogomes.com.br\/noticias\/2022\/08\/em-meio-as-negociacoes-por-apoio-elmano-de-freitas-ganha-o-solidariedade-mas-tem-apoio-negado-pelo-pp-em-nivel-nacional\/","title":{"rendered":"Em meio \u00e0s negocia\u00e7\u00f5es por apoio, Elmano de Freitas ganha o Solidariedade mas tem apoio negado pelo PP em n\u00edvel nacional"},"content":{"rendered":"\n<p>As negocia\u00e7\u00f5es por apoio para a disputa estadual seguem intensas entre os candidatos a governador no Cear\u00e1. O partido Solidariedade no estado mudou de posi\u00e7\u00e3o e declarou que vai apoiar as candidaturas de Elmano Freitas (PT) para o Governo do Estado e Camilo Santana (PT) para o Senado. At\u00e9 ent\u00e3o, a legenda estava na base de Capit\u00e3o Wagner (Uni\u00e3o Brasil).<\/p>\n\n\n\n<p>Por outro lado, a dire\u00e7\u00e3o nacional do Partido Progressistas (PP) anulou o apoio dado pelo diret\u00f3rio cearense da sigla \u00e0s candidaturas de Elmano e Camilo, decidido em conven\u00e7\u00e3o no s\u00e1bado passado. A alian\u00e7a de Camilo Santana e Elmano de Freitas re\u00fane PT, PV, PCdoB e MDB. O PP tem como presidente estadual Zezinho Albuquerque, que se mostrou surpreso com a decis\u00e3o do Diret\u00f3rio Nacional e disse que vai dialogar com dirigentes nacionais do PP para \u201cavaliar o que fazer\u201d.<\/p>\n\n\n\n<p>A Comiss\u00e3o Executiva Nacional do PP ordenou a anula\u00e7\u00e3o parcial do evento realizado no Cear\u00e1, revertendo exclusivamente o apoio ao PT.&nbsp;E o motivo n\u00e3o \u00e9 outro: o PP \u00e9 presidido nacionalmente por Ciro Nogueira, ministro-chefe da Casa Civil do Governo Bolsonaro.<\/p>\n\n\n\n<p>Na oposi\u00e7\u00e3o, o grupo de Capit\u00e3o Wagner (Uni\u00e3o Brasil) deve apostar a vaga de vice para o ex-deputado Raimundo Gomes de Matos, que integra os quadros do PL de Bolsonaro.<\/p>\n\n\n\n<figure class=\"wp-block-image size-full\"><img loading=\"lazy\" decoding=\"async\" width=\"678\" height=\"452\" src=\"https:\/\/blogdorogeriogomes.com.br\/wp-content\/uploads\/2022\/08\/images-26.jpeg\" alt=\"\" class=\"wp-image-26294\" srcset=\"https:\/\/blogdorogeriogomes.com.br\/noticias\/wp-content\/uploads\/2022\/08\/images-26.jpeg 678w, https:\/\/blogdorogeriogomes.com.br\/noticias\/wp-content\/uploads\/2022\/08\/images-26-300x200.jpeg 300w\" sizes=\"auto, (max-width: 678px) 100vw, 678px\" \/><\/figure>\n","protected":false},"excerpt":{"rendered":"<p>As negocia\u00e7\u00f5es por apoio para a disputa estadual seguem intensas entre os candidatos a governador no Cear\u00e1. O partido Solidariedade no estado mudou de posi\u00e7\u00e3o e declarou que vai apoiar as candidaturas de Elmano Freitas (PT) para o Governo do Estado e Camilo Santana (PT) para o Senado. At\u00e9 ent\u00e3o, a legenda estava na base de Capit\u00e3o Wagner (Uni\u00e3o Brasil). Por outro lado, a dire\u00e7\u00e3o nacional do Partido Progressistas (PP) anulou o apoio dado pelo diret\u00f3rio cearense da sigla&hellip;<\/p>\n","protected":false},"author":1,"featured_media":26294,"comment_status":"open","ping_status":"open","sticky":false,"template":"","format":"standard","meta":{"footnotes":""},"categories":[1],"tags":[],"class_list":["post-26293","post","type-post","status-publish","format-standard","has-post-thumbnail","hentry","category-noticias"],"_links":{"self":[{"href":"https:\/\/blogdorogeriogomes.com.br\/noticias\/wp-json\/wp\/v2\/posts\/26293","targetHints":{"allow":["GET"]}}],"collection":[{"href":"https:\/\/blogdorogeriogomes.com.br\/noticias\/wp-json\/wp\/v2\/posts"}],"about":[{"href":"https:\/\/blogdorogeriogomes.com.br\/noticias\/wp-json\/wp\/v2\/types\/post"}],"author":[{"embeddable":true,"href":"https:\/\/blogdorogeriogomes.com.br\/noticias\/wp-json\/wp\/v2\/users\/1"}],"replies":[{"embeddable":true,"href":"https:\/\/blogdorogeriogomes.com.br\/noticias\/wp-json\/wp\/v2\/comments?post=26293"}],"version-history":[{"count":2,"href":"https:\/\/blogdorogeriogomes.com.br\/noticias\/wp-json\/wp\/v2\/posts\/26293\/revisions"}],"predecessor-version":[{"id":26299,"href":"https:\/\/blogdorogeriogomes.com.br\/noticias\/wp-json\/wp\/v2\/posts\/26293\/revisions\/26299"}],"wp:featuredmedia":[{"embeddable":true,"href":"https:\/\/blogdorogeriogomes.com.br\/noticias\/wp-json\/wp\/v2\/media\/26294"}],"wp:attachment":[{"href":"https:\/\/blogdorogeriogomes.com.br\/noticias\/wp-json\/wp\/v2\/media?parent=26293"}],"wp:term":[{"taxonomy":"category","embeddable":true,"href":"https:\/\/blogdorogeriogomes.com.br\/noticias\/wp-json\/wp\/v2\/categories?post=26293"},{"taxonomy":"post_tag","embeddable":true,"href":"https:\/\/blogdorogeriogomes.com.br\/noticias\/wp-json\/wp\/v2\/tags?post=26293"}],"curies":[{"name":"wp","href":"https:\/\/api.w.org\/{rel}","templated":true}]}}