{"id":26296,"date":"2022-08-02T23:09:39","date_gmt":"2022-08-02T23:09:39","guid":{"rendered":"https:\/\/blogdorogeriogomes.com.br\/?p=26296"},"modified":"2022-08-03T11:30:22","modified_gmt":"2022-08-03T11:30:22","slug":"a-dois-meses-da-eleicao-arthur-lira-tenta-impor-pautas-de-seguranca-na-camara-que-interessam-a-bolsonaro","status":"publish","type":"post","link":"https:\/\/blogdorogeriogomes.com.br\/noticias\/2022\/08\/a-dois-meses-da-eleicao-arthur-lira-tenta-impor-pautas-de-seguranca-na-camara-que-interessam-a-bolsonaro\/","title":{"rendered":"A dois meses da elei\u00e7\u00e3o, Arthur Lira tenta impor pautas de seguran\u00e7a na C\u00e2mara que interessam a Bolsonaro"},"content":{"rendered":"\n<p>O presidente da C\u00e2mara dos Deputados, Arthur Lira, aliado de primeira linha de Jair Bolsonaro, tenta impor, a dois meses das elei\u00e7\u00f5es, pautas relacionadas \u00e0 seguran\u00e7a p\u00fablica que interessam eleitoralmente ao Planalto. Uma delas j\u00e1 caiu e ficou para depois do pleito. <\/p>\n\n\n\n<p>Deputados bolsonaristas da chamada &#8220;bancada da bala&#8221; ressuscitaram a proposta de instituir a lista tr\u00edplice como forma de escolher os comandantes-gerais das PMs nos estados, criar um mandato de dois anos para eles e dar autonomia or\u00e7ament\u00e1ria e blindagem pol\u00edtica contra eventual demiss\u00e3o. A ideia era diminuir o poder dos governadores sobre as Pol\u00edcias Militares. Diante da m\u00e1 repercuss\u00e3o, projeto foi retirado da pauta e s\u00f3 deve voltar ap\u00f3s as elei\u00e7\u00f5es ou at\u00e9 no pr\u00f3ximo ano.<\/p>\n\n\n\n<p>Arthur Lira quer colocar em pauta ainda em agosto duas propostas defendidas por Jair Bolsonaro: um projeto que acaba com a sa\u00edda tempor\u00e1ria de presos, conhecida como saidinha; e outro que altera o C\u00f3digo Penal e prev\u00ea que assaltos a ag\u00eancias banc\u00e1rias, com o uso de armas de fogo ou explosivos (o chamado novo canga\u00e7o), sejam inclu\u00eddos no rol dos crimes hediondos. <\/p>\n\n\n\n<p>Resta saber se haver\u00e1 tempo h\u00e1bil para aprovar as duas mat\u00e9rias, j\u00e1 que mesmo aprovadas na C\u00e2mara, precisam passar tamb\u00e9m pelo Senado. E a tend\u00eancia \u00e9 que nas pr\u00f3ximas semanas, deputados federais e senadores &#8220;mergulhem&#8221; na campanha eleitoral.<br><\/p>\n\n\n\n<figure class=\"wp-block-image size-full\"><img loading=\"lazy\" decoding=\"async\" width=\"450\" height=\"337\" src=\"https:\/\/blogdorogeriogomes.com.br\/wp-content\/uploads\/2022\/08\/ao-lado-de-ciro-nogueira-bolsonaro-e-cumprimentado-por-arthur-lira-na-convencao-do-pp-que-oficializou-apoio-a-tentativa-de-reeleicao-do-presidente-1658962694541_v2_450x337.jpg.webp\" alt=\"\" class=\"wp-image-26297\" srcset=\"https:\/\/blogdorogeriogomes.com.br\/noticias\/wp-content\/uploads\/2022\/08\/ao-lado-de-ciro-nogueira-bolsonaro-e-cumprimentado-por-arthur-lira-na-convencao-do-pp-que-oficializou-apoio-a-tentativa-de-reeleicao-do-presidente-1658962694541_v2_450x337.jpg.webp 450w, https:\/\/blogdorogeriogomes.com.br\/noticias\/wp-content\/uploads\/2022\/08\/ao-lado-de-ciro-nogueira-bolsonaro-e-cumprimentado-por-arthur-lira-na-convencao-do-pp-que-oficializou-apoio-a-tentativa-de-reeleicao-do-presidente-1658962694541_v2_450x337.jpg-300x225.webp 300w, https:\/\/blogdorogeriogomes.com.br\/noticias\/wp-content\/uploads\/2022\/08\/ao-lado-de-ciro-nogueira-bolsonaro-e-cumprimentado-por-arthur-lira-na-convencao-do-pp-que-oficializou-apoio-a-tentativa-de-reeleicao-do-presidente-1658962694541_v2_450x337.jpg-400x300.webp 400w\" sizes=\"auto, (max-width: 450px) 100vw, 450px\" \/><\/figure>\n\n\n\n<p><br><\/p>\n","protected":false},"excerpt":{"rendered":"<p>O presidente da C\u00e2mara dos Deputados, Arthur Lira, aliado de primeira linha de Jair Bolsonaro, tenta impor, a dois meses das elei\u00e7\u00f5es, pautas relacionadas \u00e0 seguran\u00e7a p\u00fablica que interessam eleitoralmente ao Planalto. Uma delas j\u00e1 caiu e ficou para depois do pleito. Deputados bolsonaristas da chamada &#8220;bancada da bala&#8221; ressuscitaram a proposta de instituir a lista tr\u00edplice como forma de escolher os comandantes-gerais das PMs nos estados, criar um mandato de dois anos para eles e dar autonomia or\u00e7ament\u00e1ria&hellip;<\/p>\n","protected":false},"author":1,"featured_media":26297,"comment_status":"open","ping_status":"open","sticky":false,"template":"","format":"standard","meta":{"footnotes":""},"categories":[1],"tags":[],"class_list":["post-26296","post","type-post","status-publish","format-standard","has-post-thumbnail","hentry","category-noticias"],"_links":{"self":[{"href":"https:\/\/blogdorogeriogomes.com.br\/noticias\/wp-json\/wp\/v2\/posts\/26296","targetHints":{"allow":["GET"]}}],"collection":[{"href":"https:\/\/blogdorogeriogomes.com.br\/noticias\/wp-json\/wp\/v2\/posts"}],"about":[{"href":"https:\/\/blogdorogeriogomes.com.br\/noticias\/wp-json\/wp\/v2\/types\/post"}],"author":[{"embeddable":true,"href":"https:\/\/blogdorogeriogomes.com.br\/noticias\/wp-json\/wp\/v2\/users\/1"}],"replies":[{"embeddable":true,"href":"https:\/\/blogdorogeriogomes.com.br\/noticias\/wp-json\/wp\/v2\/comments?post=26296"}],"version-history":[{"count":1,"href":"https:\/\/blogdorogeriogomes.com.br\/noticias\/wp-json\/wp\/v2\/posts\/26296\/revisions"}],"predecessor-version":[{"id":26298,"href":"https:\/\/blogdorogeriogomes.com.br\/noticias\/wp-json\/wp\/v2\/posts\/26296\/revisions\/26298"}],"wp:featuredmedia":[{"embeddable":true,"href":"https:\/\/blogdorogeriogomes.com.br\/noticias\/wp-json\/wp\/v2\/media\/26297"}],"wp:attachment":[{"href":"https:\/\/blogdorogeriogomes.com.br\/noticias\/wp-json\/wp\/v2\/media?parent=26296"}],"wp:term":[{"taxonomy":"category","embeddable":true,"href":"https:\/\/blogdorogeriogomes.com.br\/noticias\/wp-json\/wp\/v2\/categories?post=26296"},{"taxonomy":"post_tag","embeddable":true,"href":"https:\/\/blogdorogeriogomes.com.br\/noticias\/wp-json\/wp\/v2\/tags?post=26296"}],"curies":[{"name":"wp","href":"https:\/\/api.w.org\/{rel}","templated":true}]}}