{"id":26300,"date":"2022-08-03T12:00:28","date_gmt":"2022-08-03T12:00:28","guid":{"rendered":"https:\/\/blogdorogeriogomes.com.br\/?p=26300"},"modified":"2022-08-03T15:53:19","modified_gmt":"2022-08-03T15:53:19","slug":"fortaleza-esta-ha-mais-de-um-mes-sem-mortes-por-covid-19-o-que-pode-caracterizar-fim-da-quarta-onda","status":"publish","type":"post","link":"https:\/\/blogdorogeriogomes.com.br\/noticias\/2022\/08\/fortaleza-esta-ha-mais-de-um-mes-sem-mortes-por-covid-19-o-que-pode-caracterizar-fim-da-quarta-onda\/","title":{"rendered":"Fortaleza est\u00e1 h\u00e1 mais de um m\u00eas sem mortes por Covid-19, o que pode caracterizar fim da quarta onda"},"content":{"rendered":"\n<p>De acordo com o coordenador da Vigil\u00e2ncia Epidemiol\u00f3gica da Secretaria de Sa\u00fade de Fortaleza, Ant\u00f4nio Lima, a Capital cearense est\u00e1 h\u00e1 mais de um m\u00eas sem registrar mortes por Covid-19. O fato caracteriza que Fortaleza est\u00e1 perto de superar a quarta onda da pandemia do coronav\u00edrus.<\/p>\n\n\n\n<p>Levantamento semanal feito pela Secretaria de Sa\u00fade de Fortaleza mostra  que a&nbsp;m\u00e9dia m\u00f3vel de casos atual \u00e9 de 21, um n\u00famero que \u00e9 89% menor do que a registrada duas semanas atr\u00e1s de 194 casos.<\/p>\n\n\n\n<p>Na avalia\u00e7\u00e3o do epidemiologista Ant\u00f4nio Lima, novas infec\u00e7\u00f5es di\u00e1rias percebidas em junho foi perdendo as for\u00e7as e agora Fortaleza enfrenta um cen\u00e1rio de&nbsp;circula\u00e7\u00e3o viral baixa e em queda progressiva.<br><\/p>\n\n\n\n<figure class=\"wp-block-image size-full\"><img loading=\"lazy\" decoding=\"async\" width=\"678\" height=\"452\" src=\"https:\/\/blogdorogeriogomes.com.br\/wp-content\/uploads\/2022\/08\/images-27.jpeg\" alt=\"\" class=\"wp-image-26301\" srcset=\"https:\/\/blogdorogeriogomes.com.br\/noticias\/wp-content\/uploads\/2022\/08\/images-27.jpeg 678w, https:\/\/blogdorogeriogomes.com.br\/noticias\/wp-content\/uploads\/2022\/08\/images-27-300x200.jpeg 300w\" sizes=\"auto, (max-width: 678px) 100vw, 678px\" \/><\/figure>\n","protected":false},"excerpt":{"rendered":"<p>De acordo com o coordenador da Vigil\u00e2ncia Epidemiol\u00f3gica da Secretaria de Sa\u00fade de Fortaleza, Ant\u00f4nio Lima, a Capital cearense est\u00e1 h\u00e1 mais de um m\u00eas sem registrar mortes por Covid-19. O fato caracteriza que Fortaleza est\u00e1 perto de superar a quarta onda da pandemia do coronav\u00edrus. Levantamento semanal feito pela Secretaria de Sa\u00fade de Fortaleza mostra que a&nbsp;m\u00e9dia m\u00f3vel de casos atual \u00e9 de 21, um n\u00famero que \u00e9 89% menor do que a registrada duas semanas atr\u00e1s de&hellip;<\/p>\n","protected":false},"author":1,"featured_media":26301,"comment_status":"open","ping_status":"open","sticky":false,"template":"","format":"standard","meta":{"footnotes":""},"categories":[1],"tags":[],"class_list":["post-26300","post","type-post","status-publish","format-standard","has-post-thumbnail","hentry","category-noticias"],"_links":{"self":[{"href":"https:\/\/blogdorogeriogomes.com.br\/noticias\/wp-json\/wp\/v2\/posts\/26300","targetHints":{"allow":["GET"]}}],"collection":[{"href":"https:\/\/blogdorogeriogomes.com.br\/noticias\/wp-json\/wp\/v2\/posts"}],"about":[{"href":"https:\/\/blogdorogeriogomes.com.br\/noticias\/wp-json\/wp\/v2\/types\/post"}],"author":[{"embeddable":true,"href":"https:\/\/blogdorogeriogomes.com.br\/noticias\/wp-json\/wp\/v2\/users\/1"}],"replies":[{"embeddable":true,"href":"https:\/\/blogdorogeriogomes.com.br\/noticias\/wp-json\/wp\/v2\/comments?post=26300"}],"version-history":[{"count":2,"href":"https:\/\/blogdorogeriogomes.com.br\/noticias\/wp-json\/wp\/v2\/posts\/26300\/revisions"}],"predecessor-version":[{"id":26315,"href":"https:\/\/blogdorogeriogomes.com.br\/noticias\/wp-json\/wp\/v2\/posts\/26300\/revisions\/26315"}],"wp:featuredmedia":[{"embeddable":true,"href":"https:\/\/blogdorogeriogomes.com.br\/noticias\/wp-json\/wp\/v2\/media\/26301"}],"wp:attachment":[{"href":"https:\/\/blogdorogeriogomes.com.br\/noticias\/wp-json\/wp\/v2\/media?parent=26300"}],"wp:term":[{"taxonomy":"category","embeddable":true,"href":"https:\/\/blogdorogeriogomes.com.br\/noticias\/wp-json\/wp\/v2\/categories?post=26300"},{"taxonomy":"post_tag","embeddable":true,"href":"https:\/\/blogdorogeriogomes.com.br\/noticias\/wp-json\/wp\/v2\/tags?post=26300"}],"curies":[{"name":"wp","href":"https:\/\/api.w.org\/{rel}","templated":true}]}}