{"id":26307,"date":"2022-08-03T15:01:57","date_gmt":"2022-08-03T15:01:57","guid":{"rendered":"https:\/\/blogdorogeriogomes.com.br\/?p=26307"},"modified":"2022-08-03T15:52:58","modified_gmt":"2022-08-03T15:52:58","slug":"seminario-sobre-primeira-infancia-destaca-pacto-nacional-avancos-na-educacao-e-o-papel-dos-tribunais-de-contas","status":"publish","type":"post","link":"https:\/\/blogdorogeriogomes.com.br\/noticias\/2022\/08\/seminario-sobre-primeira-infancia-destaca-pacto-nacional-avancos-na-educacao-e-o-papel-dos-tribunais-de-contas\/","title":{"rendered":"Semin\u00e1rio sobre Primeira Inf\u00e2ncia destaca Pacto Nacional, avan\u00e7os na educa\u00e7\u00e3o e o papel dos Tribunais de Contas"},"content":{"rendered":"\n<p>O papel dos Tribunais de Contas na avalia\u00e7\u00e3o das Pol\u00edticas P\u00fablicas, os avan\u00e7os na educa\u00e7\u00e3o e o Pacto Nacional pela Primeira Inf\u00e2ncia ser\u00e3o alguns dos temas abordados na abertura do 1\u00ba Semin\u00e1rio Nacional \u201cA primeira Inf\u00e2ncia e os Tribunais de Contas\u201d, em Fortaleza. O evento come\u00e7ou nesta quarta-feira, dia 3 de agosto, no Hotel Sonata de Iracema, na Beira Mar. O semin\u00e1rio segue at\u00e9 sexta-feira, dia 5, e \u00e9 uma realiza\u00e7\u00e3o do Instituto Rui Barbosa em parceria com os Tribunais de Contas dos Estados do Cear\u00e1 e de Goi\u00e1s.<\/p>\n\n\n\n<p>A primeira palestra ser\u00e1 ministrada pela desembargadora Nailde Pinheiro (foto), presidente do Tribunal de Justi\u00e7a do Cear\u00e1, destacando o Pacto Nacional pela Primeira Inf\u00e2ncia. Em seguida, a governadora do Cear\u00e1, Izolda Cela, apresentar\u00e1 um panorama sobre os avan\u00e7os na educa\u00e7\u00e3o no Estado. A programa\u00e7\u00e3o da manh\u00e3 tamb\u00e9m contou com uma discuss\u00e3o sobre o papel dos Tribunais de Contas na avalia\u00e7\u00e3o das Pol\u00edticas P\u00fablicas, com media\u00e7\u00e3o do presidente do TCE de Goi\u00e1s, conselheiro Edson Ferrari, e palestras do presidente do IRB, conselheiro Edilberto Pontes (foto); do presidente da Atricon, Cezar Miola; e do presidente do CNTPC e Abracom, conselheiro Joaquim de Castro Neto. O presidente do Tribunal de Contas do Estado do Cear\u00e1, conselheiro Valdomiro T\u00e1vora, participa da solenidade de abertura.<\/p>\n\n\n\n<p>No per\u00edodo da tarde,  haver\u00e1 palestra sobre a import\u00e2ncia da Primeira Inf\u00e2ncia, com a cientista-chefe da Funcap, Prof. Dra. M\u00e1rcia Machado. Tamb\u00e9m haver\u00e1 uma mesa discutindo as boas pr\u00e1ticas na aten\u00e7\u00e3o \u00e0 primeira inf\u00e2ncia, com a corregedora do TCE Cear\u00e1, conselheira Patr\u00edcia Saboya, o presidente do Iprede, Sullivan Mota; a secret\u00e1ria de Prote\u00e7\u00e3o Social, Justi\u00e7a, Cidadania, Mulheres e Direitos Humanos, On\u00e9lia Santana; e a secret\u00e1ria da Primeira Inf\u00e2ncia de Fortaleza, Patr\u00edcia Macedo.<\/p>\n\n\n\n<figure class=\"wp-block-image size-full\"><img loading=\"lazy\" decoding=\"async\" width=\"678\" height=\"452\" src=\"https:\/\/blogdorogeriogomes.com.br\/wp-content\/uploads\/2022\/08\/images-29.jpeg\" alt=\"\" class=\"wp-image-26308\" srcset=\"https:\/\/blogdorogeriogomes.com.br\/noticias\/wp-content\/uploads\/2022\/08\/images-29.jpeg 678w, https:\/\/blogdorogeriogomes.com.br\/noticias\/wp-content\/uploads\/2022\/08\/images-29-300x200.jpeg 300w\" sizes=\"auto, (max-width: 678px) 100vw, 678px\" \/><\/figure>\n","protected":false},"excerpt":{"rendered":"<p>O papel dos Tribunais de Contas na avalia\u00e7\u00e3o das Pol\u00edticas P\u00fablicas, os avan\u00e7os na educa\u00e7\u00e3o e o Pacto Nacional pela Primeira Inf\u00e2ncia ser\u00e3o alguns dos temas abordados na abertura do 1\u00ba Semin\u00e1rio Nacional \u201cA primeira Inf\u00e2ncia e os Tribunais de Contas\u201d, em Fortaleza. O evento come\u00e7ou nesta quarta-feira, dia 3 de agosto, no Hotel Sonata de Iracema, na Beira Mar. O semin\u00e1rio segue at\u00e9 sexta-feira, dia 5, e \u00e9 uma realiza\u00e7\u00e3o do Instituto Rui Barbosa em parceria com os&hellip;<\/p>\n","protected":false},"author":1,"featured_media":26308,"comment_status":"open","ping_status":"open","sticky":false,"template":"","format":"standard","meta":{"footnotes":""},"categories":[1],"tags":[],"class_list":["post-26307","post","type-post","status-publish","format-standard","has-post-thumbnail","hentry","category-noticias"],"_links":{"self":[{"href":"https:\/\/blogdorogeriogomes.com.br\/noticias\/wp-json\/wp\/v2\/posts\/26307","targetHints":{"allow":["GET"]}}],"collection":[{"href":"https:\/\/blogdorogeriogomes.com.br\/noticias\/wp-json\/wp\/v2\/posts"}],"about":[{"href":"https:\/\/blogdorogeriogomes.com.br\/noticias\/wp-json\/wp\/v2\/types\/post"}],"author":[{"embeddable":true,"href":"https:\/\/blogdorogeriogomes.com.br\/noticias\/wp-json\/wp\/v2\/users\/1"}],"replies":[{"embeddable":true,"href":"https:\/\/blogdorogeriogomes.com.br\/noticias\/wp-json\/wp\/v2\/comments?post=26307"}],"version-history":[{"count":1,"href":"https:\/\/blogdorogeriogomes.com.br\/noticias\/wp-json\/wp\/v2\/posts\/26307\/revisions"}],"predecessor-version":[{"id":26309,"href":"https:\/\/blogdorogeriogomes.com.br\/noticias\/wp-json\/wp\/v2\/posts\/26307\/revisions\/26309"}],"wp:featuredmedia":[{"embeddable":true,"href":"https:\/\/blogdorogeriogomes.com.br\/noticias\/wp-json\/wp\/v2\/media\/26308"}],"wp:attachment":[{"href":"https:\/\/blogdorogeriogomes.com.br\/noticias\/wp-json\/wp\/v2\/media?parent=26307"}],"wp:term":[{"taxonomy":"category","embeddable":true,"href":"https:\/\/blogdorogeriogomes.com.br\/noticias\/wp-json\/wp\/v2\/categories?post=26307"},{"taxonomy":"post_tag","embeddable":true,"href":"https:\/\/blogdorogeriogomes.com.br\/noticias\/wp-json\/wp\/v2\/tags?post=26307"}],"curies":[{"name":"wp","href":"https:\/\/api.w.org\/{rel}","templated":true}]}}