{"id":26316,"date":"2022-08-03T22:49:47","date_gmt":"2022-08-03T22:49:47","guid":{"rendered":"https:\/\/blogdorogeriogomes.com.br\/?p=26316"},"modified":"2022-08-04T18:20:51","modified_gmt":"2022-08-04T18:20:51","slug":"pros-deve-desistir-de-candidatura-e-apoiar-lula-no-1-turno-no-ceara-partido-deixa-capitao-wagner-e-vai-de-elmano-de-freitas","status":"publish","type":"post","link":"https:\/\/blogdorogeriogomes.com.br\/noticias\/2022\/08\/pros-deve-desistir-de-candidatura-e-apoiar-lula-no-1-turno-no-ceara-partido-deixa-capitao-wagner-e-vai-de-elmano-de-freitas\/","title":{"rendered":"Pros deve desistir de candidatura e apoiar Lula no 1\u00b0 turno. No Cear\u00e1, partido deixa Capit\u00e3o Wagner e vai de Elmano de Freitas"},"content":{"rendered":"\n<p>Mais um partido deve mudar de rumo \u00e0s v\u00e9speras das elei\u00e7\u00f5es de outubro. O presidente restitu\u00eddo do Pros, Eur\u00edpedes J\u00fanior, anunciou nesta quarta-feira, dia 3 de agosto, que convocar\u00e1 nova conven\u00e7\u00e3o nacional do partido para referendar apoio formal \u00e0 candidatura de Lula (PT) na disputa \u00e0 Presid\u00eancia da Rep\u00fablica j\u00e1 no 1\u00b0 turno. A nova reuni\u00e3o deve acontecer nesta sexta-feira, dia 5, \u00faltimo dia no calend\u00e1rio do Tribunal Superior Eleitoral (TSE) para esse tipo de evento.&nbsp;<\/p>\n\n\n\n<p>No Cear\u00e1, o Pros tamb\u00e9m deve promover mudan\u00e7as no leque de alian\u00e7as. O partido deixa a base de apoio do l\u00edder da oposi\u00e7\u00e3o Capit\u00e3o Wagner (Uni\u00e3o Brasil) e passa a apoiar o candidato do PT, Elmano de Freitas. A mudan\u00e7a envolve uma articula\u00e7\u00e3o pol\u00edtica do ex-senador Eun\u00edcio Oliveira (MDB). <\/p>\n\n\n\n<p>Nesta semana, o PT de Elmano de Freitas j\u00e1 tinha recebido o apoio do partido Solidariedade que tamb\u00e9m estava na alian\u00e7a de partidos de Capit\u00e3o Wagner.<\/p>\n\n\n\n<figure class=\"wp-block-image size-full\"><img loading=\"lazy\" decoding=\"async\" width=\"678\" height=\"452\" src=\"https:\/\/blogdorogeriogomes.com.br\/wp-content\/uploads\/2022\/08\/images-30.jpeg\" alt=\"\" class=\"wp-image-26317\" srcset=\"https:\/\/blogdorogeriogomes.com.br\/noticias\/wp-content\/uploads\/2022\/08\/images-30.jpeg 678w, https:\/\/blogdorogeriogomes.com.br\/noticias\/wp-content\/uploads\/2022\/08\/images-30-300x200.jpeg 300w\" sizes=\"auto, (max-width: 678px) 100vw, 678px\" \/><\/figure>\n","protected":false},"excerpt":{"rendered":"<p>Mais um partido deve mudar de rumo \u00e0s v\u00e9speras das elei\u00e7\u00f5es de outubro. O presidente restitu\u00eddo do Pros, Eur\u00edpedes J\u00fanior, anunciou nesta quarta-feira, dia 3 de agosto, que convocar\u00e1 nova conven\u00e7\u00e3o nacional do partido para referendar apoio formal \u00e0 candidatura de Lula (PT) na disputa \u00e0 Presid\u00eancia da Rep\u00fablica j\u00e1 no 1\u00b0 turno. A nova reuni\u00e3o deve acontecer nesta sexta-feira, dia 5, \u00faltimo dia no calend\u00e1rio do Tribunal Superior Eleitoral (TSE) para esse tipo de evento.&nbsp; No Cear\u00e1, o&hellip;<\/p>\n","protected":false},"author":1,"featured_media":26317,"comment_status":"open","ping_status":"open","sticky":false,"template":"","format":"standard","meta":{"footnotes":""},"categories":[1],"tags":[],"class_list":["post-26316","post","type-post","status-publish","format-standard","has-post-thumbnail","hentry","category-noticias"],"_links":{"self":[{"href":"https:\/\/blogdorogeriogomes.com.br\/noticias\/wp-json\/wp\/v2\/posts\/26316","targetHints":{"allow":["GET"]}}],"collection":[{"href":"https:\/\/blogdorogeriogomes.com.br\/noticias\/wp-json\/wp\/v2\/posts"}],"about":[{"href":"https:\/\/blogdorogeriogomes.com.br\/noticias\/wp-json\/wp\/v2\/types\/post"}],"author":[{"embeddable":true,"href":"https:\/\/blogdorogeriogomes.com.br\/noticias\/wp-json\/wp\/v2\/users\/1"}],"replies":[{"embeddable":true,"href":"https:\/\/blogdorogeriogomes.com.br\/noticias\/wp-json\/wp\/v2\/comments?post=26316"}],"version-history":[{"count":2,"href":"https:\/\/blogdorogeriogomes.com.br\/noticias\/wp-json\/wp\/v2\/posts\/26316\/revisions"}],"predecessor-version":[{"id":26331,"href":"https:\/\/blogdorogeriogomes.com.br\/noticias\/wp-json\/wp\/v2\/posts\/26316\/revisions\/26331"}],"wp:featuredmedia":[{"embeddable":true,"href":"https:\/\/blogdorogeriogomes.com.br\/noticias\/wp-json\/wp\/v2\/media\/26317"}],"wp:attachment":[{"href":"https:\/\/blogdorogeriogomes.com.br\/noticias\/wp-json\/wp\/v2\/media?parent=26316"}],"wp:term":[{"taxonomy":"category","embeddable":true,"href":"https:\/\/blogdorogeriogomes.com.br\/noticias\/wp-json\/wp\/v2\/categories?post=26316"},{"taxonomy":"post_tag","embeddable":true,"href":"https:\/\/blogdorogeriogomes.com.br\/noticias\/wp-json\/wp\/v2\/tags?post=26316"}],"curies":[{"name":"wp","href":"https:\/\/api.w.org\/{rel}","templated":true}]}}