{"id":26319,"date":"2022-08-03T23:19:27","date_gmt":"2022-08-03T23:19:27","guid":{"rendered":"https:\/\/blogdorogeriogomes.com.br\/?p=26319"},"modified":"2022-08-04T18:20:35","modified_gmt":"2022-08-04T18:20:35","slug":"manifesto-pela-democracia-e-a-favor-das-urnas-eletronicas-ultrapassa-700-mil-assinaturas-e-faz-bolsonaro-desistir-de-ir-a-fiesp-no-dia-do-lancamento","status":"publish","type":"post","link":"https:\/\/blogdorogeriogomes.com.br\/noticias\/2022\/08\/manifesto-pela-democracia-e-a-favor-das-urnas-eletronicas-ultrapassa-700-mil-assinaturas-e-faz-bolsonaro-desistir-de-ir-a-fiesp-no-dia-do-lancamento\/","title":{"rendered":"Manifesto pela democracia e a favor das urnas eletr\u00f4nicas ultrapassa 700 mil assinaturas e faz Bolsonaro desistir de ir \u00e0 Fiesp no dia do lan\u00e7amento"},"content":{"rendered":"\n<p>A carta em defesa da democracia e do processo eleitoral com as urnas eletr\u00f4nicas, divulgada pela Faculdade de Direito da Universidade de S\u00e3o Paulo (USP) j\u00e1 reuniu mais de 700 mil assinaturas. O manifesto foi lan\u00e7ado depois de seguidos ataques do presidente Jair Bolsonaro (PL) contra as urnas eletr\u00f4nicas e o sistema eleitoral brasileiro. Bolsonaro disse que quem assina carta \u00e9 &#8220;cara de pau&#8221; e &#8220;sem car\u00e1ter&#8221;. No entanto, o documento j\u00e1 foi assinado pelos principais empres\u00e1rios e banqueiros do pa\u00eds, al\u00e9m de entidades representativas da sociedade civil e centrais sindicais.<\/p>\n\n\n\n<p>Irritado com a ades\u00e3o de setores da elite ao manifesto, Bolsonaro decidiu cancelar a participa\u00e7\u00e3o que faria em dois eventos em S\u00e3o Paulo no pr\u00f3ximo dia 11 de agosto. Um encontro na Federa\u00e7\u00e3o das Ind\u00fastrias do Estado de S\u00e3o Paulo (Fiesp) e um jantar com empres\u00e1rios. A Fiesp aderiu ao manifesto pela democracia e vai ler o teor do documento exatamente no dia 11 de agosto.<\/p>\n\n\n\n<p>Jair Bolsonaro foi orientado para n\u00e3o ir \u00e0 Fiesp para n\u00e3o passar constrangimento. No evento, o presidente da Rep\u00fablica seria convidado a assinar o manifesto em defesa da democracia, o que ele definitivamente n\u00e3o quer se comprometer.<\/p>\n\n\n\n<figure class=\"wp-block-image size-full\"><img loading=\"lazy\" decoding=\"async\" width=\"540\" height=\"304\" src=\"https:\/\/blogdorogeriogomes.com.br\/wp-content\/uploads\/2022\/08\/2022-08-03t143231z-2065786500-rc21pv9tq1hj-rtrmadp-3-brazil-election-bolsonaro.jpg\" alt=\"\" class=\"wp-image-26320\" srcset=\"https:\/\/blogdorogeriogomes.com.br\/noticias\/wp-content\/uploads\/2022\/08\/2022-08-03t143231z-2065786500-rc21pv9tq1hj-rtrmadp-3-brazil-election-bolsonaro.jpg 540w, https:\/\/blogdorogeriogomes.com.br\/noticias\/wp-content\/uploads\/2022\/08\/2022-08-03t143231z-2065786500-rc21pv9tq1hj-rtrmadp-3-brazil-election-bolsonaro-300x169.jpg 300w\" sizes=\"auto, (max-width: 540px) 100vw, 540px\" \/><\/figure>\n","protected":false},"excerpt":{"rendered":"<p>A carta em defesa da democracia e do processo eleitoral com as urnas eletr\u00f4nicas, divulgada pela Faculdade de Direito da Universidade de S\u00e3o Paulo (USP) j\u00e1 reuniu mais de 700 mil assinaturas. O manifesto foi lan\u00e7ado depois de seguidos ataques do presidente Jair Bolsonaro (PL) contra as urnas eletr\u00f4nicas e o sistema eleitoral brasileiro. Bolsonaro disse que quem assina carta \u00e9 &#8220;cara de pau&#8221; e &#8220;sem car\u00e1ter&#8221;. No entanto, o documento j\u00e1 foi assinado pelos principais empres\u00e1rios e banqueiros&hellip;<\/p>\n","protected":false},"author":1,"featured_media":26320,"comment_status":"open","ping_status":"open","sticky":false,"template":"","format":"standard","meta":{"footnotes":""},"categories":[1],"tags":[],"class_list":["post-26319","post","type-post","status-publish","format-standard","has-post-thumbnail","hentry","category-noticias"],"_links":{"self":[{"href":"https:\/\/blogdorogeriogomes.com.br\/noticias\/wp-json\/wp\/v2\/posts\/26319","targetHints":{"allow":["GET"]}}],"collection":[{"href":"https:\/\/blogdorogeriogomes.com.br\/noticias\/wp-json\/wp\/v2\/posts"}],"about":[{"href":"https:\/\/blogdorogeriogomes.com.br\/noticias\/wp-json\/wp\/v2\/types\/post"}],"author":[{"embeddable":true,"href":"https:\/\/blogdorogeriogomes.com.br\/noticias\/wp-json\/wp\/v2\/users\/1"}],"replies":[{"embeddable":true,"href":"https:\/\/blogdorogeriogomes.com.br\/noticias\/wp-json\/wp\/v2\/comments?post=26319"}],"version-history":[{"count":1,"href":"https:\/\/blogdorogeriogomes.com.br\/noticias\/wp-json\/wp\/v2\/posts\/26319\/revisions"}],"predecessor-version":[{"id":26321,"href":"https:\/\/blogdorogeriogomes.com.br\/noticias\/wp-json\/wp\/v2\/posts\/26319\/revisions\/26321"}],"wp:featuredmedia":[{"embeddable":true,"href":"https:\/\/blogdorogeriogomes.com.br\/noticias\/wp-json\/wp\/v2\/media\/26320"}],"wp:attachment":[{"href":"https:\/\/blogdorogeriogomes.com.br\/noticias\/wp-json\/wp\/v2\/media?parent=26319"}],"wp:term":[{"taxonomy":"category","embeddable":true,"href":"https:\/\/blogdorogeriogomes.com.br\/noticias\/wp-json\/wp\/v2\/categories?post=26319"},{"taxonomy":"post_tag","embeddable":true,"href":"https:\/\/blogdorogeriogomes.com.br\/noticias\/wp-json\/wp\/v2\/tags?post=26319"}],"curies":[{"name":"wp","href":"https:\/\/api.w.org\/{rel}","templated":true}]}}