{"id":26322,"date":"2022-08-04T10:12:55","date_gmt":"2022-08-04T10:12:55","guid":{"rendered":"https:\/\/blogdorogeriogomes.com.br\/?p=26322"},"modified":"2022-08-04T18:20:11","modified_gmt":"2022-08-04T18:20:11","slug":"jose-sarto-garante-aumento-de-319-no-repasse-direcionado-a-manutencao-e-desenvolvimento-do-ensino","status":"publish","type":"post","link":"https:\/\/blogdorogeriogomes.com.br\/noticias\/2022\/08\/jose-sarto-garante-aumento-de-319-no-repasse-direcionado-a-manutencao-e-desenvolvimento-do-ensino\/","title":{"rendered":"Jos\u00e9 Sarto garante aumento de 31,9% no repasse direcionado \u00e0 manuten\u00e7\u00e3o e desenvolvimento do ensino"},"content":{"rendered":"\n<p>O prefeito de Fortaleza, Jos\u00e9 Sarto (PDT), concede, a partir deste m\u00eas, um aumento de 31,9% do valor do repasse do Programa Municipal de Manuten\u00e7\u00e3o e Desenvolvimento do Ensino (PMDE 2022). O valor do investimento anual ser\u00e1 de R$ 16.659.960,00, oriundos totalmente do tesouro municipal. Em 2021, o valor do repasse contabilizou R$ 12.631.204,00.<\/p>\n\n\n\n<p>Com o aumento, o repasse passar\u00e1 de R$ 48,00 para R$ 58,00 para os alunos da Educa\u00e7\u00e3o Infantil e Ensino Fundamental, incluindo aqueles matriculados na Educa\u00e7\u00e3o de Jovens e Adultos (EJA) e nos programas de fortalecimento da aprendizagem &#8211; Pro-t\u00e9cnico e Integra\u00e7\u00e3o. No caso dos estudantes das Escolas de Tempo Integral o acr\u00e9scimo ser\u00e1 de R$ 96,00 para R$ 106,00 e para as crian\u00e7as de 0 a 3 anos o valor aumentar\u00e1 de R$ 124,00 para R$ 134,00.<\/p>\n\n\n\n<p>Os recursos s\u00e3o direcionados \u00e0s unidades escolares da Rede Municipal para aplica\u00e7\u00e3o na aquisi\u00e7\u00e3o de materiais de custeio, manuten\u00e7\u00e3o da estrutura f\u00edsica e de equipamentos e, tamb\u00e9m, para compra de materiais de uso permanente.<\/p>\n\n\n\n<figure class=\"wp-block-image size-large\"><img loading=\"lazy\" decoding=\"async\" width=\"1024\" height=\"691\" src=\"https:\/\/blogdorogeriogomes.com.br\/wp-content\/uploads\/2022\/08\/alunos-eti-1024x691.jpeg\" alt=\"\" class=\"wp-image-26323\" srcset=\"https:\/\/blogdorogeriogomes.com.br\/noticias\/wp-content\/uploads\/2022\/08\/alunos-eti-1024x691.jpeg 1024w, https:\/\/blogdorogeriogomes.com.br\/noticias\/wp-content\/uploads\/2022\/08\/alunos-eti-300x203.jpeg 300w, https:\/\/blogdorogeriogomes.com.br\/noticias\/wp-content\/uploads\/2022\/08\/alunos-eti-768x518.jpeg 768w, https:\/\/blogdorogeriogomes.com.br\/noticias\/wp-content\/uploads\/2022\/08\/alunos-eti-800x540.jpeg 800w, https:\/\/blogdorogeriogomes.com.br\/noticias\/wp-content\/uploads\/2022\/08\/alunos-eti.jpeg 1280w\" sizes=\"auto, (max-width: 1024px) 100vw, 1024px\" \/><\/figure>\n","protected":false},"excerpt":{"rendered":"<p>O prefeito de Fortaleza, Jos\u00e9 Sarto (PDT), concede, a partir deste m\u00eas, um aumento de 31,9% do valor do repasse do Programa Municipal de Manuten\u00e7\u00e3o e Desenvolvimento do Ensino (PMDE 2022). O valor do investimento anual ser\u00e1 de R$ 16.659.960,00, oriundos totalmente do tesouro municipal. Em 2021, o valor do repasse contabilizou R$ 12.631.204,00. Com o aumento, o repasse passar\u00e1 de R$ 48,00 para R$ 58,00 para os alunos da Educa\u00e7\u00e3o Infantil e Ensino Fundamental, incluindo aqueles matriculados na&hellip;<\/p>\n","protected":false},"author":1,"featured_media":26323,"comment_status":"open","ping_status":"open","sticky":false,"template":"","format":"standard","meta":{"footnotes":""},"categories":[1],"tags":[],"class_list":["post-26322","post","type-post","status-publish","format-standard","has-post-thumbnail","hentry","category-noticias"],"_links":{"self":[{"href":"https:\/\/blogdorogeriogomes.com.br\/noticias\/wp-json\/wp\/v2\/posts\/26322","targetHints":{"allow":["GET"]}}],"collection":[{"href":"https:\/\/blogdorogeriogomes.com.br\/noticias\/wp-json\/wp\/v2\/posts"}],"about":[{"href":"https:\/\/blogdorogeriogomes.com.br\/noticias\/wp-json\/wp\/v2\/types\/post"}],"author":[{"embeddable":true,"href":"https:\/\/blogdorogeriogomes.com.br\/noticias\/wp-json\/wp\/v2\/users\/1"}],"replies":[{"embeddable":true,"href":"https:\/\/blogdorogeriogomes.com.br\/noticias\/wp-json\/wp\/v2\/comments?post=26322"}],"version-history":[{"count":1,"href":"https:\/\/blogdorogeriogomes.com.br\/noticias\/wp-json\/wp\/v2\/posts\/26322\/revisions"}],"predecessor-version":[{"id":26324,"href":"https:\/\/blogdorogeriogomes.com.br\/noticias\/wp-json\/wp\/v2\/posts\/26322\/revisions\/26324"}],"wp:featuredmedia":[{"embeddable":true,"href":"https:\/\/blogdorogeriogomes.com.br\/noticias\/wp-json\/wp\/v2\/media\/26323"}],"wp:attachment":[{"href":"https:\/\/blogdorogeriogomes.com.br\/noticias\/wp-json\/wp\/v2\/media?parent=26322"}],"wp:term":[{"taxonomy":"category","embeddable":true,"href":"https:\/\/blogdorogeriogomes.com.br\/noticias\/wp-json\/wp\/v2\/categories?post=26322"},{"taxonomy":"post_tag","embeddable":true,"href":"https:\/\/blogdorogeriogomes.com.br\/noticias\/wp-json\/wp\/v2\/tags?post=26322"}],"curies":[{"name":"wp","href":"https:\/\/api.w.org\/{rel}","templated":true}]}}