{"id":26325,"date":"2022-08-04T10:33:29","date_gmt":"2022-08-04T10:33:29","guid":{"rendered":"https:\/\/blogdorogeriogomes.com.br\/?p=26325"},"modified":"2022-08-04T18:19:55","modified_gmt":"2022-08-04T18:19:55","slug":"adelita-monteiro-do-psol-decide-apoiar-elmano-freitas-para-o-governo-e-agora-vai-concorrer-a-deputada-federal","status":"publish","type":"post","link":"https:\/\/blogdorogeriogomes.com.br\/noticias\/2022\/08\/adelita-monteiro-do-psol-decide-apoiar-elmano-freitas-para-o-governo-e-agora-vai-concorrer-a-deputada-federal\/","title":{"rendered":"Adelita Monteiro, do PSOL, decide apoiar Elmano Freitas para o Governo e agora vai concorrer a deputada federal"},"content":{"rendered":"\n<p>O candidato do PT ao Governo do Cear\u00e1, Elmano de Freitas recebeu mais um apoio nesta quarta-feira, dia 3 de agosto. Em reuni\u00e3o \u00e0 noite, a dire\u00e7\u00e3o estadual do PSOL decidiu aderir \u00e0 campanha do petista. A pr\u00e9-candidata a governadora do Cear\u00e1 pelo Psol, Adelita Monteiro, deixou a disputa pelo Pal\u00e1cio da Aboli\u00e7\u00e3o e anunciou apoio a Elmano Freitas para governador. Ela sair\u00e1 agora candidata a deputada federal.<\/p>\n\n\n\n<p>Segundo Adelita Monteiro, a decis\u00e3o atende a um pedido do candidato \u00e0 Presid\u00eancia da Rep\u00fablica pelo PT, Lula. &#8220;Decidi aderir \u00e0 unidade que re\u00fane as esquerdas e partidos progressistas do Cear\u00e1. Estive com Lula e sua equipe por duas oportunidades. A primeira no s\u00e1bado, 30 de julho, ap\u00f3s a conven\u00e7\u00e3o do PT, e a segunda oportunidade na ter\u00e7a, 2, em Campina Grande, na Para\u00edba. Em ambas as oportunidades, Lula refor\u00e7ou a necessidade de unificar o palanque no Cear\u00e1 e construir uma grande frente para as elei\u00e7\u00f5es&#8221;, destacou Adelita Monteiro.<\/p>\n\n\n\n<figure class=\"wp-block-image size-full\"><img loading=\"lazy\" decoding=\"async\" width=\"984\" height=\"608\" src=\"https:\/\/blogdorogeriogomes.com.br\/wp-content\/uploads\/2022\/08\/adelita-monteiro-1.jpg\" alt=\"\" class=\"wp-image-26326\" srcset=\"https:\/\/blogdorogeriogomes.com.br\/noticias\/wp-content\/uploads\/2022\/08\/adelita-monteiro-1.jpg 984w, https:\/\/blogdorogeriogomes.com.br\/noticias\/wp-content\/uploads\/2022\/08\/adelita-monteiro-1-300x185.jpg 300w, https:\/\/blogdorogeriogomes.com.br\/noticias\/wp-content\/uploads\/2022\/08\/adelita-monteiro-1-768x475.jpg 768w, https:\/\/blogdorogeriogomes.com.br\/noticias\/wp-content\/uploads\/2022\/08\/adelita-monteiro-1-800x494.jpg 800w\" sizes=\"auto, (max-width: 984px) 100vw, 984px\" \/><\/figure>\n","protected":false},"excerpt":{"rendered":"<p>O candidato do PT ao Governo do Cear\u00e1, Elmano de Freitas recebeu mais um apoio nesta quarta-feira, dia 3 de agosto. Em reuni\u00e3o \u00e0 noite, a dire\u00e7\u00e3o estadual do PSOL decidiu aderir \u00e0 campanha do petista. A pr\u00e9-candidata a governadora do Cear\u00e1 pelo Psol, Adelita Monteiro, deixou a disputa pelo Pal\u00e1cio da Aboli\u00e7\u00e3o e anunciou apoio a Elmano Freitas para governador. Ela sair\u00e1 agora candidata a deputada federal. Segundo Adelita Monteiro, a decis\u00e3o atende a um pedido do candidato&hellip;<\/p>\n","protected":false},"author":1,"featured_media":26326,"comment_status":"open","ping_status":"open","sticky":false,"template":"","format":"standard","meta":{"footnotes":""},"categories":[1],"tags":[],"class_list":["post-26325","post","type-post","status-publish","format-standard","has-post-thumbnail","hentry","category-noticias"],"_links":{"self":[{"href":"https:\/\/blogdorogeriogomes.com.br\/noticias\/wp-json\/wp\/v2\/posts\/26325","targetHints":{"allow":["GET"]}}],"collection":[{"href":"https:\/\/blogdorogeriogomes.com.br\/noticias\/wp-json\/wp\/v2\/posts"}],"about":[{"href":"https:\/\/blogdorogeriogomes.com.br\/noticias\/wp-json\/wp\/v2\/types\/post"}],"author":[{"embeddable":true,"href":"https:\/\/blogdorogeriogomes.com.br\/noticias\/wp-json\/wp\/v2\/users\/1"}],"replies":[{"embeddable":true,"href":"https:\/\/blogdorogeriogomes.com.br\/noticias\/wp-json\/wp\/v2\/comments?post=26325"}],"version-history":[{"count":1,"href":"https:\/\/blogdorogeriogomes.com.br\/noticias\/wp-json\/wp\/v2\/posts\/26325\/revisions"}],"predecessor-version":[{"id":26327,"href":"https:\/\/blogdorogeriogomes.com.br\/noticias\/wp-json\/wp\/v2\/posts\/26325\/revisions\/26327"}],"wp:featuredmedia":[{"embeddable":true,"href":"https:\/\/blogdorogeriogomes.com.br\/noticias\/wp-json\/wp\/v2\/media\/26326"}],"wp:attachment":[{"href":"https:\/\/blogdorogeriogomes.com.br\/noticias\/wp-json\/wp\/v2\/media?parent=26325"}],"wp:term":[{"taxonomy":"category","embeddable":true,"href":"https:\/\/blogdorogeriogomes.com.br\/noticias\/wp-json\/wp\/v2\/categories?post=26325"},{"taxonomy":"post_tag","embeddable":true,"href":"https:\/\/blogdorogeriogomes.com.br\/noticias\/wp-json\/wp\/v2\/tags?post=26325"}],"curies":[{"name":"wp","href":"https:\/\/api.w.org\/{rel}","templated":true}]}}