{"id":26328,"date":"2022-08-04T13:26:27","date_gmt":"2022-08-04T13:26:27","guid":{"rendered":"https:\/\/blogdorogeriogomes.com.br\/?p=26328"},"modified":"2022-08-04T18:19:39","modified_gmt":"2022-08-04T18:19:39","slug":"capitao-wagner-lidera-disputa-para-o-governo-com-35-roberto-claudio-tem-26-e-elmano-com-21-diz-real-time-big-data","status":"publish","type":"post","link":"https:\/\/blogdorogeriogomes.com.br\/noticias\/2022\/08\/capitao-wagner-lidera-disputa-para-o-governo-com-35-roberto-claudio-tem-26-e-elmano-com-21-diz-real-time-big-data\/","title":{"rendered":"Capit\u00e3o Wagner lidera disputa para o Governo com 35%, Roberto Cl\u00e1udio tem 26% e Elmano com 21%, diz Real Time Big Data"},"content":{"rendered":"\n<p>Pesquisa Real Big Data divulgada nesta quinta-feira, dia 4 de agosto, mostra o cen\u00e1rio para a disputa pelo Governo do Cear\u00e1 ap\u00f3s a defini\u00e7\u00e3o dos candidatos para comandar o Pal\u00e1cio da Aboli\u00e7\u00e3o pelos pr\u00f3ximos quatro anos. Contratada pela Record TV, a pesquisa traz o candidato do Uni\u00e3o Brasil, Capit\u00e3o Wagner, com 35%. Roberto Cl\u00e1udio (PDT) aparece em segundo com 26% e Elmano de Freitas (PT) em terceiro com 21%. Brancos e nulos somam 9%. N\u00e3o sabem ou n\u00e3o responderam s\u00e3o 9%.<\/p>\n\n\n\n<p>Quando os candidatos s\u00e3o associados aos padrinhos pol\u00edticos, Elmano de Freitas com apoio de Lula chega a 30% e ultrapassa Roberto Cl\u00e1udio com 25%, que tem o apoio do presidenciavel Ciro Gomes (PDT). Capit\u00e3o Wagner, associado ao presidente Jair Bolsonaro (PL), permanece na lideran\u00e7a com 34%.<\/p>\n\n\n\n<p>A pesquisa ouviu 1.500 eleitores entre os dias 2 e 3 de agosto. A margem de erro \u00e9 de tr\u00eas pontos para mais ou para menos.<\/p>\n\n\n\n<figure class=\"wp-block-image size-full\"><img loading=\"lazy\" decoding=\"async\" width=\"425\" height=\"239\" src=\"https:\/\/blogdorogeriogomes.com.br\/wp-content\/uploads\/2022\/08\/images-31.jpeg\" alt=\"\" class=\"wp-image-26329\" srcset=\"https:\/\/blogdorogeriogomes.com.br\/noticias\/wp-content\/uploads\/2022\/08\/images-31.jpeg 425w, https:\/\/blogdorogeriogomes.com.br\/noticias\/wp-content\/uploads\/2022\/08\/images-31-300x169.jpeg 300w\" sizes=\"auto, (max-width: 425px) 100vw, 425px\" \/><\/figure>\n","protected":false},"excerpt":{"rendered":"<p>Pesquisa Real Big Data divulgada nesta quinta-feira, dia 4 de agosto, mostra o cen\u00e1rio para a disputa pelo Governo do Cear\u00e1 ap\u00f3s a defini\u00e7\u00e3o dos candidatos para comandar o Pal\u00e1cio da Aboli\u00e7\u00e3o pelos pr\u00f3ximos quatro anos. Contratada pela Record TV, a pesquisa traz o candidato do Uni\u00e3o Brasil, Capit\u00e3o Wagner, com 35%. Roberto Cl\u00e1udio (PDT) aparece em segundo com 26% e Elmano de Freitas (PT) em terceiro com 21%. Brancos e nulos somam 9%. N\u00e3o sabem ou n\u00e3o responderam&hellip;<\/p>\n","protected":false},"author":1,"featured_media":26329,"comment_status":"open","ping_status":"open","sticky":false,"template":"","format":"standard","meta":{"footnotes":""},"categories":[1],"tags":[],"class_list":["post-26328","post","type-post","status-publish","format-standard","has-post-thumbnail","hentry","category-noticias"],"_links":{"self":[{"href":"https:\/\/blogdorogeriogomes.com.br\/noticias\/wp-json\/wp\/v2\/posts\/26328","targetHints":{"allow":["GET"]}}],"collection":[{"href":"https:\/\/blogdorogeriogomes.com.br\/noticias\/wp-json\/wp\/v2\/posts"}],"about":[{"href":"https:\/\/blogdorogeriogomes.com.br\/noticias\/wp-json\/wp\/v2\/types\/post"}],"author":[{"embeddable":true,"href":"https:\/\/blogdorogeriogomes.com.br\/noticias\/wp-json\/wp\/v2\/users\/1"}],"replies":[{"embeddable":true,"href":"https:\/\/blogdorogeriogomes.com.br\/noticias\/wp-json\/wp\/v2\/comments?post=26328"}],"version-history":[{"count":1,"href":"https:\/\/blogdorogeriogomes.com.br\/noticias\/wp-json\/wp\/v2\/posts\/26328\/revisions"}],"predecessor-version":[{"id":26330,"href":"https:\/\/blogdorogeriogomes.com.br\/noticias\/wp-json\/wp\/v2\/posts\/26328\/revisions\/26330"}],"wp:featuredmedia":[{"embeddable":true,"href":"https:\/\/blogdorogeriogomes.com.br\/noticias\/wp-json\/wp\/v2\/media\/26329"}],"wp:attachment":[{"href":"https:\/\/blogdorogeriogomes.com.br\/noticias\/wp-json\/wp\/v2\/media?parent=26328"}],"wp:term":[{"taxonomy":"category","embeddable":true,"href":"https:\/\/blogdorogeriogomes.com.br\/noticias\/wp-json\/wp\/v2\/categories?post=26328"},{"taxonomy":"post_tag","embeddable":true,"href":"https:\/\/blogdorogeriogomes.com.br\/noticias\/wp-json\/wp\/v2\/tags?post=26328"}],"curies":[{"name":"wp","href":"https:\/\/api.w.org\/{rel}","templated":true}]}}