{"id":26336,"date":"2022-08-04T23:01:12","date_gmt":"2022-08-04T23:01:12","guid":{"rendered":"https:\/\/blogdorogeriogomes.com.br\/?p=26336"},"modified":"2022-08-06T10:52:02","modified_gmt":"2022-08-06T10:52:02","slug":"lula-recebe-a-adesao-do-avante-de-andre-janones-e-ciro-gomes-deve-indicar-uma-mulher-para-vice-nesta-sexta-feira","status":"publish","type":"post","link":"https:\/\/blogdorogeriogomes.com.br\/noticias\/2022\/08\/lula-recebe-a-adesao-do-avante-de-andre-janones-e-ciro-gomes-deve-indicar-uma-mulher-para-vice-nesta-sexta-feira\/","title":{"rendered":"Lula recebe a ades\u00e3o do Avante de Andr\u00e9 Janones e Ciro Gomes deve indicar uma mulher para vice nesta sexta-feira"},"content":{"rendered":"\n<p>A quinta-feira foi de movimenta\u00e7\u00e3o nas articula\u00e7\u00f5es pol\u00edticas da corrida presidencial. Em uma live no Facebook, o deputado federal Andr\u00e9 Janones (Avante) oficializou que saiu da disputa \u00e0 Presid\u00eancia da Rep\u00fablica para apoiar o ex-presidente Lula (PT). O petista prometeu incorporar algumas propostas de Janones ao programa de governo. Andr\u00e9 Janones tem aparecido nas pesquisas eleitorais com at\u00e9 3% das inten\u00e7\u00f5es de voto, que podem ajudar Lula numa eventual vit\u00f3ria no 1\u00b0 turno.<\/p>\n\n\n\n<p>J\u00e1 Ciro Gomes (PDT), que aparece em terceiro lugar nas pesquisas, promete indicar nesta sexta-feira, dia 5 de agosto, uma mulher para ser sua candidata a vice na chapa. Entre os nomes cotados est\u00e3o a ex-reitora da USP, Suely Vilela, a delegada Martha Rocha, do Rio de Janeiro, Ana Paula Matos, vice-prefeita de Salvador, e Isabella de Rold\u00e3o, vice-prefeita de Recife.<br><\/p>\n\n\n\n<figure class=\"wp-block-image size-full\"><img loading=\"lazy\" decoding=\"async\" width=\"715\" height=\"429\" src=\"https:\/\/blogdorogeriogomes.com.br\/wp-content\/uploads\/2022\/08\/images-32.jpeg\" alt=\"\" class=\"wp-image-26337\" srcset=\"https:\/\/blogdorogeriogomes.com.br\/noticias\/wp-content\/uploads\/2022\/08\/images-32.jpeg 715w, https:\/\/blogdorogeriogomes.com.br\/noticias\/wp-content\/uploads\/2022\/08\/images-32-300x180.jpeg 300w\" sizes=\"auto, (max-width: 715px) 100vw, 715px\" \/><\/figure>\n","protected":false},"excerpt":{"rendered":"<p>A quinta-feira foi de movimenta\u00e7\u00e3o nas articula\u00e7\u00f5es pol\u00edticas da corrida presidencial. Em uma live no Facebook, o deputado federal Andr\u00e9 Janones (Avante) oficializou que saiu da disputa \u00e0 Presid\u00eancia da Rep\u00fablica para apoiar o ex-presidente Lula (PT). O petista prometeu incorporar algumas propostas de Janones ao programa de governo. Andr\u00e9 Janones tem aparecido nas pesquisas eleitorais com at\u00e9 3% das inten\u00e7\u00f5es de voto, que podem ajudar Lula numa eventual vit\u00f3ria no 1\u00b0 turno. J\u00e1 Ciro Gomes (PDT), que aparece&hellip;<\/p>\n","protected":false},"author":1,"featured_media":26337,"comment_status":"open","ping_status":"open","sticky":false,"template":"","format":"standard","meta":{"footnotes":""},"categories":[1],"tags":[],"class_list":["post-26336","post","type-post","status-publish","format-standard","has-post-thumbnail","hentry","category-noticias"],"_links":{"self":[{"href":"https:\/\/blogdorogeriogomes.com.br\/noticias\/wp-json\/wp\/v2\/posts\/26336","targetHints":{"allow":["GET"]}}],"collection":[{"href":"https:\/\/blogdorogeriogomes.com.br\/noticias\/wp-json\/wp\/v2\/posts"}],"about":[{"href":"https:\/\/blogdorogeriogomes.com.br\/noticias\/wp-json\/wp\/v2\/types\/post"}],"author":[{"embeddable":true,"href":"https:\/\/blogdorogeriogomes.com.br\/noticias\/wp-json\/wp\/v2\/users\/1"}],"replies":[{"embeddable":true,"href":"https:\/\/blogdorogeriogomes.com.br\/noticias\/wp-json\/wp\/v2\/comments?post=26336"}],"version-history":[{"count":1,"href":"https:\/\/blogdorogeriogomes.com.br\/noticias\/wp-json\/wp\/v2\/posts\/26336\/revisions"}],"predecessor-version":[{"id":26338,"href":"https:\/\/blogdorogeriogomes.com.br\/noticias\/wp-json\/wp\/v2\/posts\/26336\/revisions\/26338"}],"wp:featuredmedia":[{"embeddable":true,"href":"https:\/\/blogdorogeriogomes.com.br\/noticias\/wp-json\/wp\/v2\/media\/26337"}],"wp:attachment":[{"href":"https:\/\/blogdorogeriogomes.com.br\/noticias\/wp-json\/wp\/v2\/media?parent=26336"}],"wp:term":[{"taxonomy":"category","embeddable":true,"href":"https:\/\/blogdorogeriogomes.com.br\/noticias\/wp-json\/wp\/v2\/categories?post=26336"},{"taxonomy":"post_tag","embeddable":true,"href":"https:\/\/blogdorogeriogomes.com.br\/noticias\/wp-json\/wp\/v2\/tags?post=26336"}],"curies":[{"name":"wp","href":"https:\/\/api.w.org\/{rel}","templated":true}]}}