{"id":26339,"date":"2022-08-04T23:25:08","date_gmt":"2022-08-04T23:25:08","guid":{"rendered":"https:\/\/blogdorogeriogomes.com.br\/?p=26339"},"modified":"2022-08-06T10:51:54","modified_gmt":"2022-08-06T10:51:54","slug":"intervencoes-da-executiva-nacional-provocam-idas-e-vindas-no-apoio-do-pros-psdb-e-cidadania-na-disputa-estadual-no-ceara","status":"publish","type":"post","link":"https:\/\/blogdorogeriogomes.com.br\/noticias\/2022\/08\/intervencoes-da-executiva-nacional-provocam-idas-e-vindas-no-apoio-do-pros-psdb-e-cidadania-na-disputa-estadual-no-ceara\/","title":{"rendered":"Interven\u00e7\u00f5es da Executiva Nacional provocam idas e vindas no apoio do Pros, PSDB e Cidadania na disputa estadual no Cear\u00e1"},"content":{"rendered":"\n<p>O prazo para a realiza\u00e7\u00e3o das conven\u00e7\u00f5es partid\u00e1rias termina nesta sexta-feira, dia 5 de agosto. E alguns partidos t\u00eam sofrido interfer\u00eancia das Executivas Nacionais na defini\u00e7\u00e3o de quem apoiar para a disputa do Governo do Cear\u00e1. Pros, PSDB e Cidadania enfrentam rachas internos na escolha da alian\u00e7a em n\u00edvel estadual.<\/p>\n\n\n\n<p>O Pros apoiava a candidatura de Capit\u00e3o Wagner, do Uni\u00e3o Brasil. Sofreu mudan\u00e7a no Diret\u00f3rio Nacional atrav\u00e9s de medida judicial e mudou para Elmano Oliveira, do PT. Ap\u00f3s nova destitui\u00e7\u00e3o da Executiva Nacional, o apoio no Cear\u00e1 voltou para Capit\u00e3o Wagner.<\/p>\n\n\n\n<p>J\u00e1 o PSDB e o Cidadania, que formam uma federa\u00e7\u00e3o partid\u00e1ria, tamb\u00e9m vivem disputas internas. O presidente estadual do PSDB, Chiquinho Feitosa, realizou uma conven\u00e7\u00e3o em conjunto com o Cidadania e decidiu pela neutralidade dos dois partidos na disputa pelo Governo do Cear\u00e1. Mas ainda nesta quinta-feira, dia 4, a Executiva Nacional do PSDB e Cidadania decidiu destituir Chiquinho Feitosa da presid\u00eancia e voltou a apoiar a candidatura de Roberto Cl\u00e1udio (PDT) a governador.<\/p>\n\n\n\n<p>No fim das contas, independentemente da decis\u00e3o que valer para os tr\u00eas partidos ao fim do prazo das conven\u00e7\u00f5es, a tend\u00eancia \u00e9 que partid\u00e1rios do Pros, PSDB e Cidadania sigam divididos na campanha eleitoral. Uns defendendo Roberto Cl\u00e1udio, outros Elmano de Freitas e alguns em defesa da neutralidade. Essa \u00e9 a pol\u00edtica.<\/p>\n\n\n\n<figure class=\"wp-block-image size-full\"><img loading=\"lazy\" decoding=\"async\" width=\"720\" height=\"360\" src=\"https:\/\/blogdorogeriogomes.com.br\/wp-content\/uploads\/2022\/08\/jpeg.jpeg\" alt=\"\" class=\"wp-image-26340\" srcset=\"https:\/\/blogdorogeriogomes.com.br\/noticias\/wp-content\/uploads\/2022\/08\/jpeg.jpeg 720w, https:\/\/blogdorogeriogomes.com.br\/noticias\/wp-content\/uploads\/2022\/08\/jpeg-300x150.jpeg 300w\" sizes=\"auto, (max-width: 720px) 100vw, 720px\" \/><\/figure>\n","protected":false},"excerpt":{"rendered":"<p>O prazo para a realiza\u00e7\u00e3o das conven\u00e7\u00f5es partid\u00e1rias termina nesta sexta-feira, dia 5 de agosto. E alguns partidos t\u00eam sofrido interfer\u00eancia das Executivas Nacionais na defini\u00e7\u00e3o de quem apoiar para a disputa do Governo do Cear\u00e1. Pros, PSDB e Cidadania enfrentam rachas internos na escolha da alian\u00e7a em n\u00edvel estadual. O Pros apoiava a candidatura de Capit\u00e3o Wagner, do Uni\u00e3o Brasil. Sofreu mudan\u00e7a no Diret\u00f3rio Nacional atrav\u00e9s de medida judicial e mudou para Elmano Oliveira, do PT. Ap\u00f3s nova&hellip;<\/p>\n","protected":false},"author":1,"featured_media":26340,"comment_status":"open","ping_status":"open","sticky":false,"template":"","format":"standard","meta":{"footnotes":""},"categories":[1],"tags":[],"class_list":["post-26339","post","type-post","status-publish","format-standard","has-post-thumbnail","hentry","category-noticias"],"_links":{"self":[{"href":"https:\/\/blogdorogeriogomes.com.br\/noticias\/wp-json\/wp\/v2\/posts\/26339","targetHints":{"allow":["GET"]}}],"collection":[{"href":"https:\/\/blogdorogeriogomes.com.br\/noticias\/wp-json\/wp\/v2\/posts"}],"about":[{"href":"https:\/\/blogdorogeriogomes.com.br\/noticias\/wp-json\/wp\/v2\/types\/post"}],"author":[{"embeddable":true,"href":"https:\/\/blogdorogeriogomes.com.br\/noticias\/wp-json\/wp\/v2\/users\/1"}],"replies":[{"embeddable":true,"href":"https:\/\/blogdorogeriogomes.com.br\/noticias\/wp-json\/wp\/v2\/comments?post=26339"}],"version-history":[{"count":1,"href":"https:\/\/blogdorogeriogomes.com.br\/noticias\/wp-json\/wp\/v2\/posts\/26339\/revisions"}],"predecessor-version":[{"id":26341,"href":"https:\/\/blogdorogeriogomes.com.br\/noticias\/wp-json\/wp\/v2\/posts\/26339\/revisions\/26341"}],"wp:featuredmedia":[{"embeddable":true,"href":"https:\/\/blogdorogeriogomes.com.br\/noticias\/wp-json\/wp\/v2\/media\/26340"}],"wp:attachment":[{"href":"https:\/\/blogdorogeriogomes.com.br\/noticias\/wp-json\/wp\/v2\/media?parent=26339"}],"wp:term":[{"taxonomy":"category","embeddable":true,"href":"https:\/\/blogdorogeriogomes.com.br\/noticias\/wp-json\/wp\/v2\/categories?post=26339"},{"taxonomy":"post_tag","embeddable":true,"href":"https:\/\/blogdorogeriogomes.com.br\/noticias\/wp-json\/wp\/v2\/tags?post=26339"}],"curies":[{"name":"wp","href":"https:\/\/api.w.org\/{rel}","templated":true}]}}