{"id":26351,"date":"2022-08-05T15:04:01","date_gmt":"2022-08-05T15:04:01","guid":{"rendered":"https:\/\/blogdorogeriogomes.com.br\/?p=26351"},"modified":"2022-08-06T10:48:43","modified_gmt":"2022-08-06T10:48:43","slug":"capitao-wagner-e-lancado-em-convencao-com-raimundo-gomes-de-matos-para-vice-e-kamila-cardoso-para-o-senado","status":"publish","type":"post","link":"https:\/\/blogdorogeriogomes.com.br\/noticias\/2022\/08\/capitao-wagner-e-lancado-em-convencao-com-raimundo-gomes-de-matos-para-vice-e-kamila-cardoso-para-o-senado\/","title":{"rendered":"Capit\u00e3o Wagner \u00e9 lan\u00e7ado em conven\u00e7\u00e3o com Raimundo Gomes de Matos para vice e Kamila Cardoso para o Senado"},"content":{"rendered":"\n<p>O l\u00edder da oposi\u00e7\u00e3o Capit\u00e3o Wagner (Uni\u00e3o Brasil) \u00e9 oficialmente candidato ao Governo do Cear\u00e1. A Conven\u00e7\u00e3o do Uni\u00e3o Brasil foi realizada nesta sexta-feira, dia 5 de agosto, em Fortaleza. O candidato a vice na chapa de Wagner ser\u00e1 o ex-deputado federal Raimundo Gomes de Matos (PL) e a candidata ao Senado, Kamila Cardoso (Podemos). Kamila concorreu a vice-prefeita junto com Capit\u00e3o Wagner nas elei\u00e7\u00f5es municipais de 2020 em Fortaleza, quando foram derrotados por Jos\u00e9 Sarto (PDT).<\/p>\n\n\n\n<p>O candidatura de Capit\u00e3o Wagner ao Pal\u00e1cio da Aboli\u00e7\u00e3o fechou uma alian\u00e7a eleitoral composta por sete partidos: Uni\u00e3o Brasil, PL, Republicanos, PTB, Pros, Podemos e Avante.<\/p>\n\n\n\n<p>Capit\u00e3o Wagner tem o apoio no Cear\u00e1 do presidente Jair Bolsonaro (PL). Um dos focos da campanha de Wagner para o Governo do Estado \u00e9 melhorar o setor da seguran\u00e7a p\u00fablica. Atualmente, o candidato do Uni\u00e3o Brasil lidera as pesquisas eleitorais para a disputa estadual.<br> <\/p>\n\n\n\n<figure class=\"wp-block-image size-full\"><img loading=\"lazy\" decoding=\"async\" width=\"506\" height=\"360\" src=\"https:\/\/blogdorogeriogomes.com.br\/wp-content\/uploads\/2022\/08\/1_532952ed_ac14_4823_9653_01787a9a8a11-19357726.jpg\" alt=\"\" class=\"wp-image-26352\" srcset=\"https:\/\/blogdorogeriogomes.com.br\/noticias\/wp-content\/uploads\/2022\/08\/1_532952ed_ac14_4823_9653_01787a9a8a11-19357726.jpg 506w, https:\/\/blogdorogeriogomes.com.br\/noticias\/wp-content\/uploads\/2022\/08\/1_532952ed_ac14_4823_9653_01787a9a8a11-19357726-300x213.jpg 300w\" sizes=\"auto, (max-width: 506px) 100vw, 506px\" \/><\/figure>\n","protected":false},"excerpt":{"rendered":"<p>O l\u00edder da oposi\u00e7\u00e3o Capit\u00e3o Wagner (Uni\u00e3o Brasil) \u00e9 oficialmente candidato ao Governo do Cear\u00e1. A Conven\u00e7\u00e3o do Uni\u00e3o Brasil foi realizada nesta sexta-feira, dia 5 de agosto, em Fortaleza. O candidato a vice na chapa de Wagner ser\u00e1 o ex-deputado federal Raimundo Gomes de Matos (PL) e a candidata ao Senado, Kamila Cardoso (Podemos). Kamila concorreu a vice-prefeita junto com Capit\u00e3o Wagner nas elei\u00e7\u00f5es municipais de 2020 em Fortaleza, quando foram derrotados por Jos\u00e9 Sarto (PDT). O candidatura&hellip;<\/p>\n","protected":false},"author":1,"featured_media":26352,"comment_status":"open","ping_status":"open","sticky":false,"template":"","format":"standard","meta":{"footnotes":""},"categories":[1],"tags":[],"class_list":["post-26351","post","type-post","status-publish","format-standard","has-post-thumbnail","hentry","category-noticias"],"_links":{"self":[{"href":"https:\/\/blogdorogeriogomes.com.br\/noticias\/wp-json\/wp\/v2\/posts\/26351","targetHints":{"allow":["GET"]}}],"collection":[{"href":"https:\/\/blogdorogeriogomes.com.br\/noticias\/wp-json\/wp\/v2\/posts"}],"about":[{"href":"https:\/\/blogdorogeriogomes.com.br\/noticias\/wp-json\/wp\/v2\/types\/post"}],"author":[{"embeddable":true,"href":"https:\/\/blogdorogeriogomes.com.br\/noticias\/wp-json\/wp\/v2\/users\/1"}],"replies":[{"embeddable":true,"href":"https:\/\/blogdorogeriogomes.com.br\/noticias\/wp-json\/wp\/v2\/comments?post=26351"}],"version-history":[{"count":1,"href":"https:\/\/blogdorogeriogomes.com.br\/noticias\/wp-json\/wp\/v2\/posts\/26351\/revisions"}],"predecessor-version":[{"id":26353,"href":"https:\/\/blogdorogeriogomes.com.br\/noticias\/wp-json\/wp\/v2\/posts\/26351\/revisions\/26353"}],"wp:featuredmedia":[{"embeddable":true,"href":"https:\/\/blogdorogeriogomes.com.br\/noticias\/wp-json\/wp\/v2\/media\/26352"}],"wp:attachment":[{"href":"https:\/\/blogdorogeriogomes.com.br\/noticias\/wp-json\/wp\/v2\/media?parent=26351"}],"wp:term":[{"taxonomy":"category","embeddable":true,"href":"https:\/\/blogdorogeriogomes.com.br\/noticias\/wp-json\/wp\/v2\/categories?post=26351"},{"taxonomy":"post_tag","embeddable":true,"href":"https:\/\/blogdorogeriogomes.com.br\/noticias\/wp-json\/wp\/v2\/tags?post=26351"}],"curies":[{"name":"wp","href":"https:\/\/api.w.org\/{rel}","templated":true}]}}