{"id":26354,"date":"2022-08-05T18:55:07","date_gmt":"2022-08-05T18:55:07","guid":{"rendered":"https:\/\/blogdorogeriogomes.com.br\/?p=26354"},"modified":"2022-08-06T10:48:49","modified_gmt":"2022-08-06T10:48:49","slug":"empresario-amarilio-macedo-e-o-candidato-ao-senado-na-chapa-do-pedetista-roberto-claudio","status":"publish","type":"post","link":"https:\/\/blogdorogeriogomes.com.br\/noticias\/2022\/08\/empresario-amarilio-macedo-e-o-candidato-ao-senado-na-chapa-do-pedetista-roberto-claudio\/","title":{"rendered":"Empres\u00e1rio Amar\u00edlio Macedo \u00e9 o candidato ao Senado na chapa do pedetista Roberto Cl\u00e1udio"},"content":{"rendered":"\n<p>O empres\u00e1rio Amar\u00edlio Mac\u00eado ser\u00e1 o candidato ao Senado na chapa de Roberto Cl\u00e1udio (PDT) ao Governo do Cear\u00e1. A indica\u00e7\u00e3o foi feita pelo PSDB em uma nova   conven\u00e7\u00e3o do partido, realizada nesta sexta-feira, dia 5 de agosto, com a presen\u00e7a do senador e presidente estadual do PSDB, Tasso Jeiressati. Amar\u00edlio foi um dos fundadores do partido tucano no Cear\u00e1.<\/p>\n\n\n\n<p>Assim, a chapa de Roberto Cl\u00e1udio ficou fechada. O candidato a vice ser\u00e1 Domingos Filho (PSD), Amar\u00edlio Macedo (PSDB) para o Senado. A vaga de primeiro suplente ser\u00e1 ocupada pelo m\u00e9dico e ex-secret\u00e1rio da Sa\u00fade do Cear\u00e1 Dr. Cabeto. A segunda supl\u00eancia fica com R\u00e9gis Medeiros, presidente da&nbsp;Associa\u00e7\u00e3o Brasileira da Ind\u00fastria de Hot\u00e9is (ABIH-CE).<\/p>\n\n\n\n<figure class=\"wp-block-image size-large\"><img loading=\"lazy\" decoding=\"async\" width=\"1024\" height=\"741\" src=\"https:\/\/blogdorogeriogomes.com.br\/wp-content\/uploads\/2022\/08\/IMG-20220805-WA0085-1024x741.jpg\" alt=\"\" class=\"wp-image-26355\" srcset=\"https:\/\/blogdorogeriogomes.com.br\/noticias\/wp-content\/uploads\/2022\/08\/IMG-20220805-WA0085-1024x741.jpg 1024w, https:\/\/blogdorogeriogomes.com.br\/noticias\/wp-content\/uploads\/2022\/08\/IMG-20220805-WA0085-300x217.jpg 300w, https:\/\/blogdorogeriogomes.com.br\/noticias\/wp-content\/uploads\/2022\/08\/IMG-20220805-WA0085-768x555.jpg 768w, https:\/\/blogdorogeriogomes.com.br\/noticias\/wp-content\/uploads\/2022\/08\/IMG-20220805-WA0085-800x579.jpg 800w, https:\/\/blogdorogeriogomes.com.br\/noticias\/wp-content\/uploads\/2022\/08\/IMG-20220805-WA0085.jpg 1080w\" sizes=\"auto, (max-width: 1024px) 100vw, 1024px\" \/><\/figure>\n","protected":false},"excerpt":{"rendered":"<p>O empres\u00e1rio Amar\u00edlio Mac\u00eado ser\u00e1 o candidato ao Senado na chapa de Roberto Cl\u00e1udio (PDT) ao Governo do Cear\u00e1. A indica\u00e7\u00e3o foi feita pelo PSDB em uma nova conven\u00e7\u00e3o do partido, realizada nesta sexta-feira, dia 5 de agosto, com a presen\u00e7a do senador e presidente estadual do PSDB, Tasso Jeiressati. Amar\u00edlio foi um dos fundadores do partido tucano no Cear\u00e1. Assim, a chapa de Roberto Cl\u00e1udio ficou fechada. O candidato a vice ser\u00e1 Domingos Filho (PSD), Amar\u00edlio Macedo (PSDB)&hellip;<\/p>\n","protected":false},"author":1,"featured_media":26355,"comment_status":"open","ping_status":"open","sticky":false,"template":"","format":"standard","meta":{"footnotes":""},"categories":[1],"tags":[],"class_list":["post-26354","post","type-post","status-publish","format-standard","has-post-thumbnail","hentry","category-noticias"],"_links":{"self":[{"href":"https:\/\/blogdorogeriogomes.com.br\/noticias\/wp-json\/wp\/v2\/posts\/26354","targetHints":{"allow":["GET"]}}],"collection":[{"href":"https:\/\/blogdorogeriogomes.com.br\/noticias\/wp-json\/wp\/v2\/posts"}],"about":[{"href":"https:\/\/blogdorogeriogomes.com.br\/noticias\/wp-json\/wp\/v2\/types\/post"}],"author":[{"embeddable":true,"href":"https:\/\/blogdorogeriogomes.com.br\/noticias\/wp-json\/wp\/v2\/users\/1"}],"replies":[{"embeddable":true,"href":"https:\/\/blogdorogeriogomes.com.br\/noticias\/wp-json\/wp\/v2\/comments?post=26354"}],"version-history":[{"count":2,"href":"https:\/\/blogdorogeriogomes.com.br\/noticias\/wp-json\/wp\/v2\/posts\/26354\/revisions"}],"predecessor-version":[{"id":26358,"href":"https:\/\/blogdorogeriogomes.com.br\/noticias\/wp-json\/wp\/v2\/posts\/26354\/revisions\/26358"}],"wp:featuredmedia":[{"embeddable":true,"href":"https:\/\/blogdorogeriogomes.com.br\/noticias\/wp-json\/wp\/v2\/media\/26355"}],"wp:attachment":[{"href":"https:\/\/blogdorogeriogomes.com.br\/noticias\/wp-json\/wp\/v2\/media?parent=26354"}],"wp:term":[{"taxonomy":"category","embeddable":true,"href":"https:\/\/blogdorogeriogomes.com.br\/noticias\/wp-json\/wp\/v2\/categories?post=26354"},{"taxonomy":"post_tag","embeddable":true,"href":"https:\/\/blogdorogeriogomes.com.br\/noticias\/wp-json\/wp\/v2\/tags?post=26354"}],"curies":[{"name":"wp","href":"https:\/\/api.w.org\/{rel}","templated":true}]}}