{"id":26362,"date":"2022-08-06T11:12:28","date_gmt":"2022-08-06T11:12:28","guid":{"rendered":"https:\/\/blogdorogeriogomes.com.br\/?p=26362"},"modified":"2022-08-08T17:26:03","modified_gmt":"2022-08-08T17:26:03","slug":"chapa-de-elmano-de-freitas-fecha-renata-almeida-do-mdb-para-vice-augusta-brito-e-janaina-farias-serao-suplentes-de-camilo-santana","status":"publish","type":"post","link":"https:\/\/blogdorogeriogomes.com.br\/noticias\/2022\/08\/chapa-de-elmano-de-freitas-fecha-renata-almeida-do-mdb-para-vice-augusta-brito-e-janaina-farias-serao-suplentes-de-camilo-santana\/","title":{"rendered":"Chapa de Elmano de Freitas fecha Renata Almeida, do MDB, para vice. Augusta Brito e Jana\u00edna Farias ser\u00e3o suplentes de Camilo Santana"},"content":{"rendered":"\n<p>Na noite desta sexta-feira, dia 5 de agosto, o arco de alian\u00e7as da chapa encabe\u00e7ada pelo deputado estadual Elmano de Freitas (PT) definiu a fisioterapeuta Renata Almeida (MDB) como candidata a vice-governadora. Ela foi indica\u00e7\u00e3o do ex-senador Eun\u00edcio Oliveira. \u201cTrabalhou na ent\u00e3o Secretaria do Desenvolvimento e Trabalho, do Governo do Estado e na gest\u00e3o de Unidade de Abrigo para Idosos, onde realizou parcerias importantes com a universidade e iniciativa privada&#8221;, disse Elmano de Freitas.<\/p>\n\n\n\n<p>O ex-governador Camilo Santana, candidato ao Senado pelo PT, tamb\u00e9m confirmou quem ser\u00e3o suas duas suplentes ao Senado: a deputada estadual Augusta Brito (PT) e Jana\u00edna Farias, ex-secret\u00e1ria especial do Governo do Estado.<\/p>\n\n\n\n<figure class=\"wp-block-image size-full\"><img loading=\"lazy\" decoding=\"async\" width=\"829\" height=\"612\" src=\"https:\/\/blogdorogeriogomes.com.br\/wp-content\/uploads\/2022\/08\/IMG-20220806-WA0008.jpg\" alt=\"\" class=\"wp-image-26363\" srcset=\"https:\/\/blogdorogeriogomes.com.br\/noticias\/wp-content\/uploads\/2022\/08\/IMG-20220806-WA0008.jpg 829w, https:\/\/blogdorogeriogomes.com.br\/noticias\/wp-content\/uploads\/2022\/08\/IMG-20220806-WA0008-300x221.jpg 300w, https:\/\/blogdorogeriogomes.com.br\/noticias\/wp-content\/uploads\/2022\/08\/IMG-20220806-WA0008-768x567.jpg 768w, https:\/\/blogdorogeriogomes.com.br\/noticias\/wp-content\/uploads\/2022\/08\/IMG-20220806-WA0008-800x591.jpg 800w\" sizes=\"auto, (max-width: 829px) 100vw, 829px\" \/><\/figure>\n","protected":false},"excerpt":{"rendered":"<p>Na noite desta sexta-feira, dia 5 de agosto, o arco de alian\u00e7as da chapa encabe\u00e7ada pelo deputado estadual Elmano de Freitas (PT) definiu a fisioterapeuta Renata Almeida (MDB) como candidata a vice-governadora. Ela foi indica\u00e7\u00e3o do ex-senador Eun\u00edcio Oliveira. \u201cTrabalhou na ent\u00e3o Secretaria do Desenvolvimento e Trabalho, do Governo do Estado e na gest\u00e3o de Unidade de Abrigo para Idosos, onde realizou parcerias importantes com a universidade e iniciativa privada&#8221;, disse Elmano de Freitas. O ex-governador Camilo Santana, candidato&hellip;<\/p>\n","protected":false},"author":1,"featured_media":26363,"comment_status":"open","ping_status":"open","sticky":false,"template":"","format":"standard","meta":{"footnotes":""},"categories":[1],"tags":[],"class_list":["post-26362","post","type-post","status-publish","format-standard","has-post-thumbnail","hentry","category-noticias"],"_links":{"self":[{"href":"https:\/\/blogdorogeriogomes.com.br\/noticias\/wp-json\/wp\/v2\/posts\/26362","targetHints":{"allow":["GET"]}}],"collection":[{"href":"https:\/\/blogdorogeriogomes.com.br\/noticias\/wp-json\/wp\/v2\/posts"}],"about":[{"href":"https:\/\/blogdorogeriogomes.com.br\/noticias\/wp-json\/wp\/v2\/types\/post"}],"author":[{"embeddable":true,"href":"https:\/\/blogdorogeriogomes.com.br\/noticias\/wp-json\/wp\/v2\/users\/1"}],"replies":[{"embeddable":true,"href":"https:\/\/blogdorogeriogomes.com.br\/noticias\/wp-json\/wp\/v2\/comments?post=26362"}],"version-history":[{"count":1,"href":"https:\/\/blogdorogeriogomes.com.br\/noticias\/wp-json\/wp\/v2\/posts\/26362\/revisions"}],"predecessor-version":[{"id":26364,"href":"https:\/\/blogdorogeriogomes.com.br\/noticias\/wp-json\/wp\/v2\/posts\/26362\/revisions\/26364"}],"wp:featuredmedia":[{"embeddable":true,"href":"https:\/\/blogdorogeriogomes.com.br\/noticias\/wp-json\/wp\/v2\/media\/26363"}],"wp:attachment":[{"href":"https:\/\/blogdorogeriogomes.com.br\/noticias\/wp-json\/wp\/v2\/media?parent=26362"}],"wp:term":[{"taxonomy":"category","embeddable":true,"href":"https:\/\/blogdorogeriogomes.com.br\/noticias\/wp-json\/wp\/v2\/categories?post=26362"},{"taxonomy":"post_tag","embeddable":true,"href":"https:\/\/blogdorogeriogomes.com.br\/noticias\/wp-json\/wp\/v2\/tags?post=26362"}],"curies":[{"name":"wp","href":"https:\/\/api.w.org\/{rel}","templated":true}]}}