{"id":26368,"date":"2022-08-08T14:37:12","date_gmt":"2022-08-08T14:37:12","guid":{"rendered":"https:\/\/blogdorogeriogomes.com.br\/?p=26368"},"modified":"2022-08-08T17:25:50","modified_gmt":"2022-08-08T17:25:50","slug":"vice-na-chapa-de-elmano-de-freitas-ainda-esta-indefinido-mdb-fara-a-indicacao-do-nome","status":"publish","type":"post","link":"https:\/\/blogdorogeriogomes.com.br\/noticias\/2022\/08\/vice-na-chapa-de-elmano-de-freitas-ainda-esta-indefinido-mdb-fara-a-indicacao-do-nome\/","title":{"rendered":"Vice na chapa de Elmano de Freitas ainda est\u00e1 indefinido. MDB far\u00e1 a indica\u00e7\u00e3o do nome"},"content":{"rendered":"\n<p>O registro de candidaturas na Justi\u00e7a Eleitoral se encerra no pr\u00f3ximo dia 15 de agosto e a corrida para a escolha da vice de Elmano de Freitas (PT), continua indefinida, ap\u00f3s a desist\u00eancia da fisioterapeuta Renata Almeida (MDB), indicada pelo partido na sexta-feira, dia 5 de agosto, \u00faltimo dia do prazo definido pela Justi\u00e7a Eleitoral para as conven\u00e7\u00f5es partid\u00e1rias. Renata Almeida abriu m\u00e3o da vaga cerca 12 horas depois da indica\u00e7\u00e3o alegando ter sido v\u00edtima de ataques pessoais e fake news nas redes sociais.<br>No impasse em torno da escolha, tr\u00eas mulheres despontam como favoritas \u00e0 indica\u00e7\u00e3o dentro do MDB: Jade Romero (ex-secret\u00e1ria executiva de Esporte do Cear\u00e1), Jacqueline Gouveia (ativista da causa animal e vereadora de Juazeiro do Norte) e Joc\u00e9lia Castro (vice-prefeita de Itapipoca). O ex-senador Eun\u00edcio Oliveira (MDB) est\u00e1 \u00e0 frente das negocia\u00e7\u00f5es.<\/p>\n\n\n\n<figure class=\"wp-block-image size-full\"><img loading=\"lazy\" decoding=\"async\" width=\"739\" height=\"415\" src=\"https:\/\/blogdorogeriogomes.com.br\/wp-content\/uploads\/2022\/08\/images-35.jpeg\" alt=\"\" class=\"wp-image-26369\" srcset=\"https:\/\/blogdorogeriogomes.com.br\/noticias\/wp-content\/uploads\/2022\/08\/images-35.jpeg 739w, https:\/\/blogdorogeriogomes.com.br\/noticias\/wp-content\/uploads\/2022\/08\/images-35-300x168.jpeg 300w\" sizes=\"auto, (max-width: 739px) 100vw, 739px\" \/><\/figure>\n","protected":false},"excerpt":{"rendered":"<p>O registro de candidaturas na Justi\u00e7a Eleitoral se encerra no pr\u00f3ximo dia 15 de agosto e a corrida para a escolha da vice de Elmano de Freitas (PT), continua indefinida, ap\u00f3s a desist\u00eancia da fisioterapeuta Renata Almeida (MDB), indicada pelo partido na sexta-feira, dia 5 de agosto, \u00faltimo dia do prazo definido pela Justi\u00e7a Eleitoral para as conven\u00e7\u00f5es partid\u00e1rias. Renata Almeida abriu m\u00e3o da vaga cerca 12 horas depois da indica\u00e7\u00e3o alegando ter sido v\u00edtima de ataques pessoais e&hellip;<\/p>\n","protected":false},"author":1,"featured_media":26369,"comment_status":"open","ping_status":"open","sticky":false,"template":"","format":"standard","meta":{"footnotes":""},"categories":[1],"tags":[],"class_list":["post-26368","post","type-post","status-publish","format-standard","has-post-thumbnail","hentry","category-noticias"],"_links":{"self":[{"href":"https:\/\/blogdorogeriogomes.com.br\/noticias\/wp-json\/wp\/v2\/posts\/26368","targetHints":{"allow":["GET"]}}],"collection":[{"href":"https:\/\/blogdorogeriogomes.com.br\/noticias\/wp-json\/wp\/v2\/posts"}],"about":[{"href":"https:\/\/blogdorogeriogomes.com.br\/noticias\/wp-json\/wp\/v2\/types\/post"}],"author":[{"embeddable":true,"href":"https:\/\/blogdorogeriogomes.com.br\/noticias\/wp-json\/wp\/v2\/users\/1"}],"replies":[{"embeddable":true,"href":"https:\/\/blogdorogeriogomes.com.br\/noticias\/wp-json\/wp\/v2\/comments?post=26368"}],"version-history":[{"count":1,"href":"https:\/\/blogdorogeriogomes.com.br\/noticias\/wp-json\/wp\/v2\/posts\/26368\/revisions"}],"predecessor-version":[{"id":26370,"href":"https:\/\/blogdorogeriogomes.com.br\/noticias\/wp-json\/wp\/v2\/posts\/26368\/revisions\/26370"}],"wp:featuredmedia":[{"embeddable":true,"href":"https:\/\/blogdorogeriogomes.com.br\/noticias\/wp-json\/wp\/v2\/media\/26369"}],"wp:attachment":[{"href":"https:\/\/blogdorogeriogomes.com.br\/noticias\/wp-json\/wp\/v2\/media?parent=26368"}],"wp:term":[{"taxonomy":"category","embeddable":true,"href":"https:\/\/blogdorogeriogomes.com.br\/noticias\/wp-json\/wp\/v2\/categories?post=26368"},{"taxonomy":"post_tag","embeddable":true,"href":"https:\/\/blogdorogeriogomes.com.br\/noticias\/wp-json\/wp\/v2\/tags?post=26368"}],"curies":[{"name":"wp","href":"https:\/\/api.w.org\/{rel}","templated":true}]}}